{"id":14733,"date":"2017-06-18T17:50:07","date_gmt":"2017-06-18T15:50:07","guid":{"rendered":"http:\/\/www.foodtastic.at\/en\/2017\/06\/18\/besuch-im-seewinkel-alles-ueber-die-zucchinibluete\/"},"modified":"2017-08-05T15:53:35","modified_gmt":"2017-08-05T13:53:35","slug":"besuch-im-seewinkel-alles-ueber-die-zucchinibluete","status":"publish","type":"post","link":"https:\/\/www.foodtastic.at\/en\/2017\/06\/18\/besuch-im-seewinkel-alles-ueber-die-zucchinibluete\/","title":{"rendered":"Besuch im Seewinkel: Alles \u00fcber die Zucchinibl\u00fcte"},"content":{"rendered":"<p>In der Fr\u00fch sch\u00fcttete es noch aus K\u00fcbeln, aber der Wetterbericht k\u00fcndigte bereits blauen Himmel und Sonne f\u00fcr den Nachmittag im s\u00fcdlichen Seewinkel an, genauer genommen im burgenl\u00e4ndischen Wallern beim Bio-Bauernhof von Heidi und Anton Peck. Nicht umsonst wird dieser Ort als die sonnenreichste Region \u00d6sterreichs bezeichnet.<\/p>\n<p>Hier fand vergangen Samstag eine Veranstaltung der besonderen Art statt. Beim Ja!Nat\u00fcrlich Format \u201eAus Bauernhand\u201c, bei dem es um das Bewusstsein f\u00fcr Bio-regionale Lebensmittel geht, stand bei der Familie Peck das Thema Bio-Zucchini-Bl\u00fcte im Vordergrund.<\/p>\n<p><!--more--><\/p>\n<p>Empfangen wurden wir im offenen Kuhstall der Fam. Peck, wo Heuballen mit ja!Nat\u00fcrlich Produkten aufgebaut waren und wo Anna Abermann, auch bekannt als Herzlichst Anna, bereits aus der Pop-Up K\u00fcche gutgelaunt r\u00fcber grinste. Von ihren Freunden liebevoll als Bio- und Qualit\u00e4tsfanatikerin bezeichnet, stellte sie an diesem Samstagvormittag und -nachmittag die Zucchini-Bl\u00fcte und die Zucchini in ihrem Brunch in den Mittelpunkt.<\/p>\n<p>Anna ist der Meinung, dass <strong>gutes Essen immer Saison hat.\u00a0Ihre verwendeten Zutaten - <\/strong>alle Bio- oder sogar Demeterzertifiziert werden jeden Tag frisch geliefert und k\u00f6nnen deshalb saisonal variieren. Wichtig ist ihr der pers\u00f6nliche Kontakt zu den Bauern. Was serviert wird entscheidet nicht nur sie und ihrer Koch Thomas Strini, sondern vor allem die Natur.<\/p>\n<p>Zur Begr\u00fc\u00dfung gab es erst einmal erfrischende Bio-S\u00e4fte und drei verschieden ger\u00f6stete Mandeln mit Salz, Chili und Ahornsirup-Kardamom als kleinen Snack. Da die Fam. Peck auch Mandeln auf ihrem Hof hat, wollte Anna aufzeigen, dass man Mandeln sehr vielf\u00e4ltig anrichten kann. Nachdem sich die Sonne nun vollkommen aus den Wolken hervorgek\u00e4mpft hatte, machten wir uns alle gemeinsam Richtung Zucchini-Feld, um die Bl\u00fcten in ihrer vollen Pracht zu bewundern. Am stolzen Storch und den Kornfeldern vorbei, bl\u00fchten auf dem Weg unz\u00e4hlig wundersch\u00f6ne Mohnblumen und die Kirschb\u00e4ume trugen bereits prachtvoll rote Fr\u00fcchte.<\/p>\n<p>Drau\u00dfen auf dem Feld, wo die Zucchini-Bl\u00fcten um die Wette prangten, wartete bereits Anna auf uns mit dreierlei fein gef\u00fcllten Zucchini-Bl\u00fcten: mit einer Ziegenfrischk\u00e4se-Kr\u00e4uterf\u00fclle, mit Faschiertem und schwarzen Seewinkler Reis. Die letzte F\u00fcllung war mein absoluter Favorit. Dazu gab es herrlich eingelegte Zucchini.<\/p>\n<p>Zur\u00fcck im idyllischen Stall der Fam. Peck, war neben K\u00fchen, gackernden H\u00fchnern und Schweinen bereits eine lange Tafel f\u00fcr den Brunch gedeckt. Bevor wir aber von Anna weiter verw\u00f6hnt wurden, gab es vorab eine hochkar\u00e4tig besetzte Diskussionsrunde zum Thema \u201eGrenzen der Regionalit\u00e4t\u201c. Wo liegen die Grenzen bei regionalen Lebensmitteln? Oder gibt es gar keine, weil Spezialit\u00e4ten einer Region ohnehin weltweit verf\u00fcgbar sind? Durchbricht Regionalit\u00e4t die Grenzen von Saisonalit\u00e4t und \u00d6kologie? Auf was wir uns einig sind \u2013 dass regionale Lebensmittel nur dann am besten sind, wenn sie auch Bio sind.<\/p>\n<p><img loading=\"lazy\" decoding=\"async\" class=\"alignnone size-full wp-image-14496\" src=\"https:\/\/www.foodtastic.at\/content\/uploads\/2017\/06\/feldkueche_foodtastic_2595.jpg\" alt=\"Feldkueche_Foodtastic_2595\" width=\"5536\" height=\"3472\" srcset=\"https:\/\/www.foodtastic.at\/content\/uploads\/2017\/06\/feldkueche_foodtastic_2595.jpg 5536w, https:\/\/www.foodtastic.at\/content\/uploads\/2017\/06\/feldkueche_foodtastic_2595-300x188.jpg 300w, https:\/\/www.foodtastic.at\/content\/uploads\/2017\/06\/feldkueche_foodtastic_2595-1024x642.jpg 1024w, https:\/\/www.foodtastic.at\/content\/uploads\/2017\/06\/feldkueche_foodtastic_2595-2000x1254.jpg 2000w, https:\/\/www.foodtastic.at\/content\/uploads\/2017\/06\/feldkueche_foodtastic_2595-1500x941.jpg 1500w, https:\/\/www.foodtastic.at\/content\/uploads\/2017\/06\/feldkueche_foodtastic_2595-1000x627.jpg 1000w, https:\/\/www.foodtastic.at\/content\/uploads\/2017\/06\/feldkueche_foodtastic_2595-500x314.jpg 500w\" sizes=\"(max-width: 5536px) 100vw, 5536px\" \/><\/p>\n<p><img loading=\"lazy\" decoding=\"async\" class=\"alignnone size-full wp-image-14506\" src=\"https:\/\/www.foodtastic.at\/content\/uploads\/2017\/06\/feldkueche_foodtastic_duo5.jpg\" alt=\"Feldkueche_Foodtastic_Duo5\" width=\"3300\" height=\"2502\" srcset=\"https:\/\/www.foodtastic.at\/content\/uploads\/2017\/06\/feldkueche_foodtastic_duo5.jpg 3300w, https:\/\/www.foodtastic.at\/content\/uploads\/2017\/06\/feldkueche_foodtastic_duo5-300x227.jpg 300w, https:\/\/www.foodtastic.at\/content\/uploads\/2017\/06\/feldkueche_foodtastic_duo5-1024x776.jpg 1024w, https:\/\/www.foodtastic.at\/content\/uploads\/2017\/06\/feldkueche_foodtastic_duo5-2000x1516.jpg 2000w, https:\/\/www.foodtastic.at\/content\/uploads\/2017\/06\/feldkueche_foodtastic_duo5-1500x1137.jpg 1500w, https:\/\/www.foodtastic.at\/content\/uploads\/2017\/06\/feldkueche_foodtastic_duo5-1000x758.jpg 1000w, https:\/\/www.foodtastic.at\/content\/uploads\/2017\/06\/feldkueche_foodtastic_duo5-500x379.jpg 500w\" sizes=\"(max-width: 3300px) 100vw, 3300px\" \/><\/p>\n<p><img loading=\"lazy\" decoding=\"async\" class=\"alignnone size-full wp-image-14504\" src=\"https:\/\/www.foodtastic.at\/content\/uploads\/2017\/06\/feldkueche_foodtastic_duo4.jpg\" alt=\"Feldkueche_Foodtastic_Duo4\" width=\"3300\" height=\"2502\" srcset=\"https:\/\/www.foodtastic.at\/content\/uploads\/2017\/06\/feldkueche_foodtastic_duo4.jpg 3300w, https:\/\/www.foodtastic.at\/content\/uploads\/2017\/06\/feldkueche_foodtastic_duo4-300x227.jpg 300w, https:\/\/www.foodtastic.at\/content\/uploads\/2017\/06\/feldkueche_foodtastic_duo4-1024x776.jpg 1024w, https:\/\/www.foodtastic.at\/content\/uploads\/2017\/06\/feldkueche_foodtastic_duo4-2000x1516.jpg 2000w, https:\/\/www.foodtastic.at\/content\/uploads\/2017\/06\/feldkueche_foodtastic_duo4-1500x1137.jpg 1500w, https:\/\/www.foodtastic.at\/content\/uploads\/2017\/06\/feldkueche_foodtastic_duo4-1000x758.jpg 1000w, https:\/\/www.foodtastic.at\/content\/uploads\/2017\/06\/feldkueche_foodtastic_duo4-500x379.jpg 500w\" sizes=\"(max-width: 3300px) 100vw, 3300px\" \/><\/p>\n<p><img loading=\"lazy\" decoding=\"async\" class=\"alignnone size-full wp-image-14498\" src=\"https:\/\/www.foodtastic.at\/content\/uploads\/2017\/06\/feldkueche_foodtastic_duo1.jpg\" alt=\"Feldkueche_Foodtastic_Duo1\" width=\"3300\" height=\"2502\" srcset=\"https:\/\/www.foodtastic.at\/content\/uploads\/2017\/06\/feldkueche_foodtastic_duo1.jpg 3300w, https:\/\/www.foodtastic.at\/content\/uploads\/2017\/06\/feldkueche_foodtastic_duo1-300x227.jpg 300w, https:\/\/www.foodtastic.at\/content\/uploads\/2017\/06\/feldkueche_foodtastic_duo1-1024x776.jpg 1024w, https:\/\/www.foodtastic.at\/content\/uploads\/2017\/06\/feldkueche_foodtastic_duo1-2000x1516.jpg 2000w, https:\/\/www.foodtastic.at\/content\/uploads\/2017\/06\/feldkueche_foodtastic_duo1-1500x1137.jpg 1500w, https:\/\/www.foodtastic.at\/content\/uploads\/2017\/06\/feldkueche_foodtastic_duo1-1000x758.jpg 1000w, https:\/\/www.foodtastic.at\/content\/uploads\/2017\/06\/feldkueche_foodtastic_duo1-500x379.jpg 500w\" sizes=\"(max-width: 3300px) 100vw, 3300px\" \/><\/p>\n<p><img loading=\"lazy\" decoding=\"async\" class=\"alignnone size-full wp-image-14480\" src=\"https:\/\/www.foodtastic.at\/content\/uploads\/2017\/06\/feldkueche_foodtastic_2568.jpg\" alt=\"Feldkueche_Foodtastic_2568\" width=\"5616\" height=\"3744\" srcset=\"https:\/\/www.foodtastic.at\/content\/uploads\/2017\/06\/feldkueche_foodtastic_2568.jpg 5616w, https:\/\/www.foodtastic.at\/content\/uploads\/2017\/06\/feldkueche_foodtastic_2568-300x200.jpg 300w, https:\/\/www.foodtastic.at\/content\/uploads\/2017\/06\/feldkueche_foodtastic_2568-1024x683.jpg 1024w, https:\/\/www.foodtastic.at\/content\/uploads\/2017\/06\/feldkueche_foodtastic_2568-2000x1333.jpg 2000w, https:\/\/www.foodtastic.at\/content\/uploads\/2017\/06\/feldkueche_foodtastic_2568-1500x1000.jpg 1500w, https:\/\/www.foodtastic.at\/content\/uploads\/2017\/06\/feldkueche_foodtastic_2568-1000x667.jpg 1000w, https:\/\/www.foodtastic.at\/content\/uploads\/2017\/06\/feldkueche_foodtastic_2568-500x333.jpg 500w\" sizes=\"(max-width: 5616px) 100vw, 5616px\" \/><\/p>\n<p><img loading=\"lazy\" decoding=\"async\" class=\"alignnone size-full wp-image-14492\" src=\"https:\/\/www.foodtastic.at\/content\/uploads\/2017\/06\/feldkueche_foodtastic_2591.jpg\" alt=\"Feldkueche_Foodtastic_2591\" width=\"5616\" height=\"3744\" srcset=\"https:\/\/www.foodtastic.at\/content\/uploads\/2017\/06\/feldkueche_foodtastic_2591.jpg 5616w, https:\/\/www.foodtastic.at\/content\/uploads\/2017\/06\/feldkueche_foodtastic_2591-300x200.jpg 300w, https:\/\/www.foodtastic.at\/content\/uploads\/2017\/06\/feldkueche_foodtastic_2591-1024x683.jpg 1024w, https:\/\/www.foodtastic.at\/content\/uploads\/2017\/06\/feldkueche_foodtastic_2591-2000x1333.jpg 2000w, https:\/\/www.foodtastic.at\/content\/uploads\/2017\/06\/feldkueche_foodtastic_2591-1500x1000.jpg 1500w, https:\/\/www.foodtastic.at\/content\/uploads\/2017\/06\/feldkueche_foodtastic_2591-1000x667.jpg 1000w, https:\/\/www.foodtastic.at\/content\/uploads\/2017\/06\/feldkueche_foodtastic_2591-500x333.jpg 500w\" sizes=\"(max-width: 5616px) 100vw, 5616px\" \/><\/p>\n<p><img loading=\"lazy\" decoding=\"async\" class=\"alignnone size-full wp-image-14486\" src=\"https:\/\/www.foodtastic.at\/content\/uploads\/2017\/06\/feldkueche_foodtastic_2581.jpg\" alt=\"Feldkueche_Foodtastic_2581\" width=\"5616\" height=\"3744\" srcset=\"https:\/\/www.foodtastic.at\/content\/uploads\/2017\/06\/feldkueche_foodtastic_2581.jpg 5616w, https:\/\/www.foodtastic.at\/content\/uploads\/2017\/06\/feldkueche_foodtastic_2581-300x200.jpg 300w, https:\/\/www.foodtastic.at\/content\/uploads\/2017\/06\/feldkueche_foodtastic_2581-1024x683.jpg 1024w, https:\/\/www.foodtastic.at\/content\/uploads\/2017\/06\/feldkueche_foodtastic_2581-2000x1333.jpg 2000w, https:\/\/www.foodtastic.at\/content\/uploads\/2017\/06\/feldkueche_foodtastic_2581-1500x1000.jpg 1500w, https:\/\/www.foodtastic.at\/content\/uploads\/2017\/06\/feldkueche_foodtastic_2581-1000x667.jpg 1000w, https:\/\/www.foodtastic.at\/content\/uploads\/2017\/06\/feldkueche_foodtastic_2581-500x333.jpg 500w\" sizes=\"(max-width: 5616px) 100vw, 5616px\" \/><\/p>\n<p><img loading=\"lazy\" decoding=\"async\" class=\"alignnone size-full wp-image-14478\" src=\"https:\/\/www.foodtastic.at\/content\/uploads\/2017\/06\/feldkueche_foodtastic_2563.jpg\" alt=\"Feldkueche_Foodtastic_2563\" width=\"5616\" height=\"3744\" srcset=\"https:\/\/www.foodtastic.at\/content\/uploads\/2017\/06\/feldkueche_foodtastic_2563.jpg 5616w, https:\/\/www.foodtastic.at\/content\/uploads\/2017\/06\/feldkueche_foodtastic_2563-300x200.jpg 300w, https:\/\/www.foodtastic.at\/content\/uploads\/2017\/06\/feldkueche_foodtastic_2563-1024x683.jpg 1024w, https:\/\/www.foodtastic.at\/content\/uploads\/2017\/06\/feldkueche_foodtastic_2563-2000x1333.jpg 2000w, https:\/\/www.foodtastic.at\/content\/uploads\/2017\/06\/feldkueche_foodtastic_2563-1500x1000.jpg 1500w, https:\/\/www.foodtastic.at\/content\/uploads\/2017\/06\/feldkueche_foodtastic_2563-1000x667.jpg 1000w, https:\/\/www.foodtastic.at\/content\/uploads\/2017\/06\/feldkueche_foodtastic_2563-500x333.jpg 500w\" sizes=\"(max-width: 5616px) 100vw, 5616px\" \/><\/p>\n<p><img loading=\"lazy\" decoding=\"async\" class=\"alignnone size-full wp-image-14488\" src=\"https:\/\/www.foodtastic.at\/content\/uploads\/2017\/06\/feldkueche_foodtastic_2585.jpg\" alt=\"Feldkueche_Foodtastic_2585\" width=\"5616\" height=\"3744\" srcset=\"https:\/\/www.foodtastic.at\/content\/uploads\/2017\/06\/feldkueche_foodtastic_2585.jpg 5616w, https:\/\/www.foodtastic.at\/content\/uploads\/2017\/06\/feldkueche_foodtastic_2585-300x200.jpg 300w, https:\/\/www.foodtastic.at\/content\/uploads\/2017\/06\/feldkueche_foodtastic_2585-1024x683.jpg 1024w, https:\/\/www.foodtastic.at\/content\/uploads\/2017\/06\/feldkueche_foodtastic_2585-2000x1333.jpg 2000w, https:\/\/www.foodtastic.at\/content\/uploads\/2017\/06\/feldkueche_foodtastic_2585-1500x1000.jpg 1500w, https:\/\/www.foodtastic.at\/content\/uploads\/2017\/06\/feldkueche_foodtastic_2585-1000x667.jpg 1000w, https:\/\/www.foodtastic.at\/content\/uploads\/2017\/06\/feldkueche_foodtastic_2585-500x333.jpg 500w\" sizes=\"(max-width: 5616px) 100vw, 5616px\" \/><\/p>\n<p><img loading=\"lazy\" decoding=\"async\" class=\"alignnone size-full wp-image-14490\" src=\"https:\/\/www.foodtastic.at\/content\/uploads\/2017\/06\/feldkueche_foodtastic_2588.jpg\" alt=\"Feldkueche_Foodtastic_2588\" width=\"5616\" height=\"3744\" srcset=\"https:\/\/www.foodtastic.at\/content\/uploads\/2017\/06\/feldkueche_foodtastic_2588.jpg 5616w, https:\/\/www.foodtastic.at\/content\/uploads\/2017\/06\/feldkueche_foodtastic_2588-300x200.jpg 300w, https:\/\/www.foodtastic.at\/content\/uploads\/2017\/06\/feldkueche_foodtastic_2588-1024x683.jpg 1024w, https:\/\/www.foodtastic.at\/content\/uploads\/2017\/06\/feldkueche_foodtastic_2588-2000x1333.jpg 2000w, https:\/\/www.foodtastic.at\/content\/uploads\/2017\/06\/feldkueche_foodtastic_2588-1500x1000.jpg 1500w, https:\/\/www.foodtastic.at\/content\/uploads\/2017\/06\/feldkueche_foodtastic_2588-1000x667.jpg 1000w, https:\/\/www.foodtastic.at\/content\/uploads\/2017\/06\/feldkueche_foodtastic_2588-500x333.jpg 500w\" sizes=\"(max-width: 5616px) 100vw, 5616px\" \/><\/p>\n<h3><strong>Diskussionsrunde zum Thema \u201eGrenzen der Regionalit\u00e4t\u201c<\/strong><\/h3>\n<p>Moderator Christian Gehrer leitete die Diskussion mit folgenden Sprechern:<\/p>\n<ul>\n<li>Andreas Steidl Ja!Nat\u00fcrlich (Leitung Qualit\u00e4tsmanagement Ja!Nat\u00fcrlich)<\/li>\n<li>Simone Rongitsch (Initiatorin des Karls Garten und Gr\u00fcnderin B\u00fcro Karls Concept)<\/li>\n<li>Katharina Seiser (Kochbuch-Autorin und Kulinarik-Journalistin)<\/li>\n<li>Josef Peck (Gesch\u00e4ftsf\u00fchrer Seewinkler Sonnengem\u00fcse)<\/li>\n<li>Daniela Auer (Eigent\u00fcmer Gartenbau AUER)<\/li>\n<\/ul>\n<p>Andreas Steidl meint, dass Regionalit\u00e4t auf das Produkt drauf ankommt. Ein enger Regionalit\u00e4tsbezug ist z.B. bei Erdbeeren gegeben, die im eigenen Garten wachsen, aber bei Orangen ist zB. Sizilien die (ideale) Region. Aber auch in Sch\u00f6nbrunn und K\u00e4rnten gibt es Orangen- und Zitronenbauern. <a href=\"https:\/\/magazin.janatuerlich.at\/aus-bauernhand-bio-zucchiniblueten-peck-seewinkel\/\">Ja!Nat\u00fcrlich<\/a> versucht auf jedes Produkt den Bauern zu schreiben und somit kann jeder f\u00fcr sich entscheiden, ob er dieses Produkt kaufen m\u00f6chte oder nicht.<\/p>\n<p>F\u00fcr ihn ist Bio schon immer regional gewesen. Die Region ist bezeichnend f\u00fcr die klimatischen Voraussetzungen: f\u00fcr den Boden, f\u00fcr den Menschen usw. \u2013 dies alles brauche ich, um Bio zu schaffen.<\/p>\n<p>Die Regionalit\u00e4t, h\u00e4ngt auch mit den Klima zusammen, und wenn bei uns nichts mehr w\u00e4chst, dann ist es daf\u00fcr in anderen Regionen einfach sehr gut f\u00fcrs Wachstum dieser Pflanzen, wir haben zB fast eine gegenseitige Saisonverteilung. Wenn es in \u00d6sterreich nicht mehr w\u00e4chst, weil es zu kalt wird, dann ist es gerade in Sizilien im September ideal f\u00fcr diese Kultur. Dann passt es sehr zusammen. Da w\u00e4chst es in Sizilien pr\u00e4chtig, ohne dass ich beheizen muss, die Sonne ist noch stark genug und da wird es herrliche Zucchini auch im Herbst geben \u2013 dann, wenn die \u00d6sterreicher nicht mehr f\u00e4hig sind zu liefern.<\/p>\n<p>Josef Peck verweist \u00fcber die klimatisch ideal gelegene Seewinkel-Region, die gerade dazu geschaffen ist, um diverse fr\u00fcher nicht heimische Pflanzen, wie z.B. auch Zucchini und Zucchini-Bl\u00fcten, versuchen anzubauen und zu kultivieren. Zucchini sind mittlerweile ein Standard. Kennen tut man die Zucchini-Bl\u00fcte aus dem Italien-Urlaub \u2013 aber wie man merkt, funktioniert der Anbau hier bei uns in \u00d6sterreich wunderbar. Im Seewinkel haben wir ein pannonisches Klima, \u00e4hnlich wie das mediterrane. \u201eEs ist wundersch\u00f6n zu sehen, wie die Zucchini-Bl\u00fcte in der Fr\u00fch, wenn der Tau am Feld ist, aufgehen...\u201c.<\/p>\n<p><img loading=\"lazy\" decoding=\"async\" class=\"alignnone size-full wp-image-14514\" src=\"https:\/\/www.foodtastic.at\/content\/uploads\/2017\/06\/feldkueche_foodtastic_2611.jpg\" alt=\"Feldkueche_Foodtastic_2611\" width=\"5616\" height=\"3744\" srcset=\"https:\/\/www.foodtastic.at\/content\/uploads\/2017\/06\/feldkueche_foodtastic_2611.jpg 5616w, https:\/\/www.foodtastic.at\/content\/uploads\/2017\/06\/feldkueche_foodtastic_2611-300x200.jpg 300w, https:\/\/www.foodtastic.at\/content\/uploads\/2017\/06\/feldkueche_foodtastic_2611-1024x683.jpg 1024w, https:\/\/www.foodtastic.at\/content\/uploads\/2017\/06\/feldkueche_foodtastic_2611-2000x1333.jpg 2000w, https:\/\/www.foodtastic.at\/content\/uploads\/2017\/06\/feldkueche_foodtastic_2611-1500x1000.jpg 1500w, https:\/\/www.foodtastic.at\/content\/uploads\/2017\/06\/feldkueche_foodtastic_2611-1000x667.jpg 1000w, https:\/\/www.foodtastic.at\/content\/uploads\/2017\/06\/feldkueche_foodtastic_2611-500x333.jpg 500w\" sizes=\"(max-width: 5616px) 100vw, 5616px\" \/><\/p>\n<p><img loading=\"lazy\" decoding=\"async\" class=\"alignnone size-full wp-image-14512\" src=\"https:\/\/www.foodtastic.at\/content\/uploads\/2017\/06\/feldkueche_foodtastic_2608.jpg\" alt=\"Feldkueche_Foodtastic_2608\" width=\"5616\" height=\"3744\" srcset=\"https:\/\/www.foodtastic.at\/content\/uploads\/2017\/06\/feldkueche_foodtastic_2608.jpg 5616w, https:\/\/www.foodtastic.at\/content\/uploads\/2017\/06\/feldkueche_foodtastic_2608-300x200.jpg 300w, https:\/\/www.foodtastic.at\/content\/uploads\/2017\/06\/feldkueche_foodtastic_2608-1024x683.jpg 1024w, https:\/\/www.foodtastic.at\/content\/uploads\/2017\/06\/feldkueche_foodtastic_2608-2000x1333.jpg 2000w, https:\/\/www.foodtastic.at\/content\/uploads\/2017\/06\/feldkueche_foodtastic_2608-1500x1000.jpg 1500w, https:\/\/www.foodtastic.at\/content\/uploads\/2017\/06\/feldkueche_foodtastic_2608-1000x667.jpg 1000w, https:\/\/www.foodtastic.at\/content\/uploads\/2017\/06\/feldkueche_foodtastic_2608-500x333.jpg 500w\" sizes=\"(max-width: 5616px) 100vw, 5616px\" \/><\/p>\n<h3><strong>Die Zucchini-Bl\u00fcte gibt es nur ein paar Wochen im Jahr, trotzdem wollen Konsumenten Zucchini das ganze Jahr konsumieren. Wie geht ja!Nat\u00fcrlich damit um?<\/strong><\/h3>\n<p>Laut Steidl erwarten sich die Haushalte, dass Zucchini das ganze Jahr \u00fcber angeboten werden. Pro Woche verkauft ja!Nat\u00fcrlich ca. 50 Paletten Zucchini \u2013 eine gewaltige Menge, die hier produziert werden muss. Aufgrund des Klimas sucht ja!Nat\u00fcrlich sich die perfekten Partnern mit den richtigen Regionen aus. Im Winter sind diese Partner dann in Sizilien zu Hause.<\/p>\n<p>Diskutieren k\u00f6nnte man \u00fcber das Thema Regionalit\u00e4t und Saisonalit\u00e4t ewig. Als die spannende Diskussionsrunde dann aber beendet war, freuten wir uns alle umso mehr auf Annas K\u00f6stlichkeiten. Aufgetischt wurde zuerst eine kleine Auswahl an Schinken &amp; K\u00e4seprodukten mit frischem Brot von ja!Nat\u00fcrlich. Dazu wurde Obst und Rohkost mit Liptauer und Butter serviert.<\/p>\n<p>Gefolgt wurde die Jause von einer k\u00f6stlichen Kr\u00e4uter-Zucchinisuppe im Weckglas. Anschlie\u00dfend gab es eine Gem\u00fcse-Fritatta. Danach gab\u2018s gegrillte ja!Nat\u00fcrlich W\u00fcrsteln auf Baked Beans und einen Schweinsbraten mit K\u00fcmmelerd\u00e4pfel.<\/p>\n<p>Als Nachspeise wurde die Zucchini noch einmal im Zucchini-Karottenkuchen verarbeitet. Mein pers\u00f6nliches Highlight war der Erdbeer-Rhabarbercrumble, den ich als glutenfreie Souffl\u00e9-Variante mit Ziegenfrischk\u00e4se bekam.<\/p>\n<p>Von mir gab es im Give-Away S\u00e4ckchen dann noch einen Zucchini-Nuss Muffin und das passende Rezept dazu, das du heute auch auf meinem Blog findest.<\/p>\n<p>Zum kr\u00f6nenden Abschluss dieses k\u00f6stlichen Nachmittags im Stall der Fam. Peck spielten die Polka Beatles noch ein paar Songs f\u00fcr uns.<\/p>\n<p><img loading=\"lazy\" decoding=\"async\" class=\"alignnone size-full wp-image-14518\" src=\"https:\/\/www.foodtastic.at\/content\/uploads\/2017\/06\/feldkueche_foodtastic_2633.jpg\" alt=\"Feldkueche_Foodtastic_2633\" width=\"5616\" height=\"3744\" srcset=\"https:\/\/www.foodtastic.at\/content\/uploads\/2017\/06\/feldkueche_foodtastic_2633.jpg 5616w, https:\/\/www.foodtastic.at\/content\/uploads\/2017\/06\/feldkueche_foodtastic_2633-300x200.jpg 300w, https:\/\/www.foodtastic.at\/content\/uploads\/2017\/06\/feldkueche_foodtastic_2633-1024x683.jpg 1024w, https:\/\/www.foodtastic.at\/content\/uploads\/2017\/06\/feldkueche_foodtastic_2633-2000x1333.jpg 2000w, https:\/\/www.foodtastic.at\/content\/uploads\/2017\/06\/feldkueche_foodtastic_2633-1500x1000.jpg 1500w, https:\/\/www.foodtastic.at\/content\/uploads\/2017\/06\/feldkueche_foodtastic_2633-1000x667.jpg 1000w, https:\/\/www.foodtastic.at\/content\/uploads\/2017\/06\/feldkueche_foodtastic_2633-500x333.jpg 500w\" sizes=\"(max-width: 5616px) 100vw, 5616px\" \/><\/p>\n<p>&nbsp;<\/p>\n<p><img loading=\"lazy\" decoding=\"async\" class=\"alignnone size-full wp-image-14508\" src=\"https:\/\/www.foodtastic.at\/content\/uploads\/2017\/06\/feldkueche_foodtastic_img_2509.jpg\" alt=\"Feldkueche_Foodtastic_IMG_2509\" width=\"5329\" height=\"3125\" srcset=\"https:\/\/www.foodtastic.at\/content\/uploads\/2017\/06\/feldkueche_foodtastic_img_2509.jpg 5329w, https:\/\/www.foodtastic.at\/content\/uploads\/2017\/06\/feldkueche_foodtastic_img_2509-300x176.jpg 300w, https:\/\/www.foodtastic.at\/content\/uploads\/2017\/06\/feldkueche_foodtastic_img_2509-1024x600.jpg 1024w, https:\/\/www.foodtastic.at\/content\/uploads\/2017\/06\/feldkueche_foodtastic_img_2509-2000x1173.jpg 2000w, https:\/\/www.foodtastic.at\/content\/uploads\/2017\/06\/feldkueche_foodtastic_img_2509-1500x880.jpg 1500w, https:\/\/www.foodtastic.at\/content\/uploads\/2017\/06\/feldkueche_foodtastic_img_2509-1000x586.jpg 1000w, https:\/\/www.foodtastic.at\/content\/uploads\/2017\/06\/feldkueche_foodtastic_img_2509-500x293.jpg 500w\" sizes=\"(max-width: 5329px) 100vw, 5329px\" \/><\/p>\n<p><img loading=\"lazy\" decoding=\"async\" class=\"alignnone size-full wp-image-14476\" src=\"https:\/\/www.foodtastic.at\/content\/uploads\/2017\/06\/feldkueche_foodtastic_2516.jpg\" alt=\"Feldkueche_Foodtastic_2516\" width=\"5616\" height=\"3744\" srcset=\"https:\/\/www.foodtastic.at\/content\/uploads\/2017\/06\/feldkueche_foodtastic_2516.jpg 5616w, https:\/\/www.foodtastic.at\/content\/uploads\/2017\/06\/feldkueche_foodtastic_2516-300x200.jpg 300w, https:\/\/www.foodtastic.at\/content\/uploads\/2017\/06\/feldkueche_foodtastic_2516-1024x683.jpg 1024w, https:\/\/www.foodtastic.at\/content\/uploads\/2017\/06\/feldkueche_foodtastic_2516-2000x1333.jpg 2000w, https:\/\/www.foodtastic.at\/content\/uploads\/2017\/06\/feldkueche_foodtastic_2516-1500x1000.jpg 1500w, https:\/\/www.foodtastic.at\/content\/uploads\/2017\/06\/feldkueche_foodtastic_2516-1000x667.jpg 1000w, https:\/\/www.foodtastic.at\/content\/uploads\/2017\/06\/feldkueche_foodtastic_2516-500x333.jpg 500w\" sizes=\"(max-width: 5616px) 100vw, 5616px\" \/><\/p>\n<p><img loading=\"lazy\" decoding=\"async\" class=\"alignnone size-full wp-image-14474\" src=\"https:\/\/www.foodtastic.at\/content\/uploads\/2017\/06\/feldkueche_foodtastic_2514.jpg\" alt=\"Feldkueche_Foodtastic_2514\" width=\"5616\" height=\"3744\" srcset=\"https:\/\/www.foodtastic.at\/content\/uploads\/2017\/06\/feldkueche_foodtastic_2514.jpg 5616w, https:\/\/www.foodtastic.at\/content\/uploads\/2017\/06\/feldkueche_foodtastic_2514-300x200.jpg 300w, https:\/\/www.foodtastic.at\/content\/uploads\/2017\/06\/feldkueche_foodtastic_2514-1024x683.jpg 1024w, https:\/\/www.foodtastic.at\/content\/uploads\/2017\/06\/feldkueche_foodtastic_2514-2000x1333.jpg 2000w, https:\/\/www.foodtastic.at\/content\/uploads\/2017\/06\/feldkueche_foodtastic_2514-1500x1000.jpg 1500w, https:\/\/www.foodtastic.at\/content\/uploads\/2017\/06\/feldkueche_foodtastic_2514-1000x667.jpg 1000w, https:\/\/www.foodtastic.at\/content\/uploads\/2017\/06\/feldkueche_foodtastic_2514-500x333.jpg 500w\" sizes=\"(max-width: 5616px) 100vw, 5616px\" \/><\/p>\n<p><img loading=\"lazy\" decoding=\"async\" class=\"alignnone size-full wp-image-14528\" src=\"https:\/\/www.foodtastic.at\/content\/uploads\/2017\/06\/feldkueche_foodtastic_duo2-1.jpg\" alt=\"Feldkueche_Foodtastic_Duo2\" width=\"3300\" height=\"2502\" srcset=\"https:\/\/www.foodtastic.at\/content\/uploads\/2017\/06\/feldkueche_foodtastic_duo2-1.jpg 3300w, https:\/\/www.foodtastic.at\/content\/uploads\/2017\/06\/feldkueche_foodtastic_duo2-1-300x227.jpg 300w, https:\/\/www.foodtastic.at\/content\/uploads\/2017\/06\/feldkueche_foodtastic_duo2-1-1024x776.jpg 1024w, https:\/\/www.foodtastic.at\/content\/uploads\/2017\/06\/feldkueche_foodtastic_duo2-1-2000x1516.jpg 2000w, https:\/\/www.foodtastic.at\/content\/uploads\/2017\/06\/feldkueche_foodtastic_duo2-1-1500x1137.jpg 1500w, https:\/\/www.foodtastic.at\/content\/uploads\/2017\/06\/feldkueche_foodtastic_duo2-1-1000x758.jpg 1000w, https:\/\/www.foodtastic.at\/content\/uploads\/2017\/06\/feldkueche_foodtastic_duo2-1-500x379.jpg 500w\" sizes=\"(max-width: 3300px) 100vw, 3300px\" \/><\/p>\n<p><img loading=\"lazy\" decoding=\"async\" class=\"alignnone size-full wp-image-14516\" src=\"https:\/\/www.foodtastic.at\/content\/uploads\/2017\/06\/feldkueche_foodtastic_2631.jpg\" alt=\"Feldkueche_Foodtastic_2631\" width=\"5616\" height=\"3744\" srcset=\"https:\/\/www.foodtastic.at\/content\/uploads\/2017\/06\/feldkueche_foodtastic_2631.jpg 5616w, https:\/\/www.foodtastic.at\/content\/uploads\/2017\/06\/feldkueche_foodtastic_2631-300x200.jpg 300w, https:\/\/www.foodtastic.at\/content\/uploads\/2017\/06\/feldkueche_foodtastic_2631-1024x683.jpg 1024w, https:\/\/www.foodtastic.at\/content\/uploads\/2017\/06\/feldkueche_foodtastic_2631-2000x1333.jpg 2000w, https:\/\/www.foodtastic.at\/content\/uploads\/2017\/06\/feldkueche_foodtastic_2631-1500x1000.jpg 1500w, https:\/\/www.foodtastic.at\/content\/uploads\/2017\/06\/feldkueche_foodtastic_2631-1000x667.jpg 1000w, https:\/\/www.foodtastic.at\/content\/uploads\/2017\/06\/feldkueche_foodtastic_2631-500x333.jpg 500w\" sizes=\"(max-width: 5616px) 100vw, 5616px\" \/><\/p>\n<p><img loading=\"lazy\" decoding=\"async\" class=\"alignnone size-full wp-image-14526\" src=\"https:\/\/www.foodtastic.at\/content\/uploads\/2017\/06\/feldkueche_foodtastic_duo1-1.jpg\" alt=\"Feldkueche_Foodtastic_Duo1\" width=\"3300\" height=\"2502\" srcset=\"https:\/\/www.foodtastic.at\/content\/uploads\/2017\/06\/feldkueche_foodtastic_duo1-1.jpg 3300w, https:\/\/www.foodtastic.at\/content\/uploads\/2017\/06\/feldkueche_foodtastic_duo1-1-300x227.jpg 300w, https:\/\/www.foodtastic.at\/content\/uploads\/2017\/06\/feldkueche_foodtastic_duo1-1-1024x776.jpg 1024w, https:\/\/www.foodtastic.at\/content\/uploads\/2017\/06\/feldkueche_foodtastic_duo1-1-2000x1516.jpg 2000w, https:\/\/www.foodtastic.at\/content\/uploads\/2017\/06\/feldkueche_foodtastic_duo1-1-1500x1137.jpg 1500w, https:\/\/www.foodtastic.at\/content\/uploads\/2017\/06\/feldkueche_foodtastic_duo1-1-1000x758.jpg 1000w, https:\/\/www.foodtastic.at\/content\/uploads\/2017\/06\/feldkueche_foodtastic_duo1-1-500x379.jpg 500w\" sizes=\"(max-width: 3300px) 100vw, 3300px\" \/><\/p>\n<p><img loading=\"lazy\" decoding=\"async\" class=\"alignnone size-full wp-image-14524\" src=\"https:\/\/www.foodtastic.at\/content\/uploads\/2017\/06\/feldkueche_foodtastic_2662.jpg\" alt=\"Feldkueche_Foodtastic_2662\" width=\"5616\" height=\"3744\" srcset=\"https:\/\/www.foodtastic.at\/content\/uploads\/2017\/06\/feldkueche_foodtastic_2662.jpg 5616w, https:\/\/www.foodtastic.at\/content\/uploads\/2017\/06\/feldkueche_foodtastic_2662-300x200.jpg 300w, https:\/\/www.foodtastic.at\/content\/uploads\/2017\/06\/feldkueche_foodtastic_2662-1024x683.jpg 1024w, https:\/\/www.foodtastic.at\/content\/uploads\/2017\/06\/feldkueche_foodtastic_2662-2000x1333.jpg 2000w, https:\/\/www.foodtastic.at\/content\/uploads\/2017\/06\/feldkueche_foodtastic_2662-1500x1000.jpg 1500w, https:\/\/www.foodtastic.at\/content\/uploads\/2017\/06\/feldkueche_foodtastic_2662-1000x667.jpg 1000w, https:\/\/www.foodtastic.at\/content\/uploads\/2017\/06\/feldkueche_foodtastic_2662-500x333.jpg 500w\" sizes=\"(max-width: 5616px) 100vw, 5616px\" \/><\/p>\n<p><img loading=\"lazy\" decoding=\"async\" class=\"alignnone size-full wp-image-14520\" src=\"https:\/\/www.foodtastic.at\/content\/uploads\/2017\/06\/feldkueche_foodtastic_2646.jpg\" alt=\"Feldkueche_Foodtastic_2646\" width=\"5616\" height=\"3744\" srcset=\"https:\/\/www.foodtastic.at\/content\/uploads\/2017\/06\/feldkueche_foodtastic_2646.jpg 5616w, https:\/\/www.foodtastic.at\/content\/uploads\/2017\/06\/feldkueche_foodtastic_2646-300x200.jpg 300w, https:\/\/www.foodtastic.at\/content\/uploads\/2017\/06\/feldkueche_foodtastic_2646-1024x683.jpg 1024w, https:\/\/www.foodtastic.at\/content\/uploads\/2017\/06\/feldkueche_foodtastic_2646-2000x1333.jpg 2000w, https:\/\/www.foodtastic.at\/content\/uploads\/2017\/06\/feldkueche_foodtastic_2646-1500x1000.jpg 1500w, https:\/\/www.foodtastic.at\/content\/uploads\/2017\/06\/feldkueche_foodtastic_2646-1000x667.jpg 1000w, https:\/\/www.foodtastic.at\/content\/uploads\/2017\/06\/feldkueche_foodtastic_2646-500x333.jpg 500w\" sizes=\"(max-width: 5616px) 100vw, 5616px\" \/><\/p>\n<p><img loading=\"lazy\" decoding=\"async\" class=\"alignnone size-full wp-image-14522\" src=\"https:\/\/www.foodtastic.at\/content\/uploads\/2017\/06\/feldkueche_foodtastic_2648.jpg\" alt=\"Feldkueche_Foodtastic_2648\" width=\"5616\" height=\"3744\" srcset=\"https:\/\/www.foodtastic.at\/content\/uploads\/2017\/06\/feldkueche_foodtastic_2648.jpg 5616w, https:\/\/www.foodtastic.at\/content\/uploads\/2017\/06\/feldkueche_foodtastic_2648-300x200.jpg 300w, https:\/\/www.foodtastic.at\/content\/uploads\/2017\/06\/feldkueche_foodtastic_2648-1024x683.jpg 1024w, https:\/\/www.foodtastic.at\/content\/uploads\/2017\/06\/feldkueche_foodtastic_2648-2000x1333.jpg 2000w, https:\/\/www.foodtastic.at\/content\/uploads\/2017\/06\/feldkueche_foodtastic_2648-1500x1000.jpg 1500w, https:\/\/www.foodtastic.at\/content\/uploads\/2017\/06\/feldkueche_foodtastic_2648-1000x667.jpg 1000w, https:\/\/www.foodtastic.at\/content\/uploads\/2017\/06\/feldkueche_foodtastic_2648-500x333.jpg 500w\" sizes=\"(max-width: 5616px) 100vw, 5616px\" \/><\/p>\n","protected":false},"excerpt":{"rendered":"<p>In der Fr\u00fch sch\u00fcttete es noch aus K\u00fcbeln, aber der Wetterbericht k\u00fcndigte bereits blauen Himmel und Sonne f\u00fcr den Nachmittag im s\u00fcdlichen Seewinkel an, genauer genommen im burgenl\u00e4ndischen Wallern beim Bio-Bauernhof von Heidi und Anton Peck. Nicht umsonst wird dieser Ort als die sonnenreichste Region \u00d6sterreichs bezeichnet. Hier fand vergangen Samstag eine Veranstaltung der besonderen Art statt. Beim Ja!Nat\u00fcrlich Format \u201eAus Bauernhand\u201c, bei dem es um das Bewusstsein f\u00fcr Bio-regionale Lebensmittel geht, stand bei der Familie Peck das Thema Bio-Zucchini-Bl\u00fcte im Vordergrund.<\/p>\n","protected":false},"author":2,"featured_media":14511,"comment_status":"open","ping_status":"open","sticky":false,"template":"","format":"standard","meta":{"footnotes":""},"categories":[748,754,755],"tags":[1856,979,1472,1857,827,1858,1144,1859,1860],"ingredient":[],"class_list":["post-14733","post","type-post","status-publish","format-standard","has-post-thumbnail","hentry","category-events-en","category-recipes","category-sweets","tag-aus-bauernhand-en","tag-burgenland-en","tag-janatuerlich-en","tag-peck-en","tag-regionalitat-en","tag-seewinkel-en","tag-zucchini-en","tag-zucchini-nuss-muffin-en","tag-zucchinibluete-en"],"yoast_head":"<!-- This site is optimized with the Yoast SEO plugin v25.3.1 - https:\/\/yoast.com\/wordpress\/plugins\/seo\/ -->\n<title>Besuch im Seewinkel: Alles \u00fcber die Zucchinibl\u00fcte - Foodtastic<\/title>\n<meta name=\"robots\" content=\"index, follow, max-snippet:-1, max-image-preview:large, max-video-preview:-1\" \/>\n<link rel=\"canonical\" href=\"https:\/\/www.foodtastic.at\/en\/2017\/06\/18\/besuch-im-seewinkel-alles-ueber-die-zucchinibluete\/\" \/>\n<meta property=\"og:locale\" content=\"en_US\" \/>\n<meta property=\"og:type\" content=\"article\" \/>\n<meta property=\"og:title\" content=\"Besuch im Seewinkel: Alles \u00fcber die Zucchinibl\u00fcte - Foodtastic\" \/>\n<meta property=\"og:description\" content=\"In der Fr\u00fch sch\u00fcttete es noch aus K\u00fcbeln, aber der Wetterbericht k\u00fcndigte bereits blauen Himmel und Sonne f\u00fcr den Nachmittag im s\u00fcdlichen Seewinkel an, genauer genommen im burgenl\u00e4ndischen Wallern beim Bio-Bauernhof von Heidi und Anton Peck. Nicht umsonst wird dieser Ort als die sonnenreichste Region \u00d6sterreichs bezeichnet. Hier fand vergangen Samstag eine Veranstaltung der besonderen Art statt. Beim Ja!Nat\u00fcrlich Format \u201eAus Bauernhand\u201c, bei dem es um das Bewusstsein f\u00fcr Bio-regionale Lebensmittel geht, stand bei der Familie Peck das Thema Bio-Zucchini-Bl\u00fcte im Vordergrund.\" \/>\n<meta property=\"og:url\" content=\"https:\/\/www.foodtastic.at\/en\/2017\/06\/18\/besuch-im-seewinkel-alles-ueber-die-zucchinibluete\/\" \/>\n<meta property=\"og:site_name\" content=\"Foodtastic\" \/>\n<meta property=\"article:published_time\" content=\"2017-06-18T15:50:07+00:00\" \/>\n<meta property=\"article:modified_time\" content=\"2017-08-05T13:53:35+00:00\" \/>\n<meta property=\"og:image\" content=\"https:\/\/www.foodtastic.at\/content\/uploads\/2017\/06\/feldkueche_foodtastic_2591-1-1024x683.jpg\" \/>\n\t<meta property=\"og:image:width\" content=\"1024\" \/>\n\t<meta property=\"og:image:height\" content=\"683\" \/>\n\t<meta property=\"og:image:type\" content=\"image\/jpeg\" \/>\n<meta name=\"author\" content=\"Eva Fischer\" \/>\n<meta name=\"twitter:label1\" content=\"Written by\" \/>\n\t<meta name=\"twitter:data1\" content=\"Eva Fischer\" \/>\n\t<meta name=\"twitter:label2\" content=\"Est. reading time\" \/>\n\t<meta name=\"twitter:data2\" content=\"6 minutes\" \/>\n<script type=\"application\/ld+json\" class=\"yoast-schema-graph\">{\"@context\":\"https:\/\/schema.org\",\"@graph\":[{\"@type\":\"WebPage\",\"@id\":\"https:\/\/www.foodtastic.at\/en\/2017\/06\/18\/besuch-im-seewinkel-alles-ueber-die-zucchinibluete\/\",\"url\":\"https:\/\/www.foodtastic.at\/en\/2017\/06\/18\/besuch-im-seewinkel-alles-ueber-die-zucchinibluete\/\",\"name\":\"Besuch im Seewinkel: Alles \u00fcber die Zucchinibl\u00fcte - Foodtastic\",\"isPartOf\":{\"@id\":\"https:\/\/foodtastic.at\/#website\"},\"primaryImageOfPage\":{\"@id\":\"https:\/\/www.foodtastic.at\/en\/2017\/06\/18\/besuch-im-seewinkel-alles-ueber-die-zucchinibluete\/#primaryimage\"},\"image\":{\"@id\":\"https:\/\/www.foodtastic.at\/en\/2017\/06\/18\/besuch-im-seewinkel-alles-ueber-die-zucchinibluete\/#primaryimage\"},\"thumbnailUrl\":\"https:\/\/www.foodtastic.at\/content\/uploads\/2017\/06\/feldkueche_foodtastic_2591-1.jpg\",\"datePublished\":\"2017-06-18T15:50:07+00:00\",\"dateModified\":\"2017-08-05T13:53:35+00:00\",\"author\":{\"@id\":\"https:\/\/foodtastic.at\/#\/schema\/person\/236cc6fc2715dd91e8a168f03acd8f2e\"},\"breadcrumb\":{\"@id\":\"https:\/\/www.foodtastic.at\/en\/2017\/06\/18\/besuch-im-seewinkel-alles-ueber-die-zucchinibluete\/#breadcrumb\"},\"inLanguage\":\"en-US\",\"potentialAction\":[{\"@type\":\"ReadAction\",\"target\":[\"https:\/\/www.foodtastic.at\/en\/2017\/06\/18\/besuch-im-seewinkel-alles-ueber-die-zucchinibluete\/\"]}]},{\"@type\":\"ImageObject\",\"inLanguage\":\"en-US\",\"@id\":\"https:\/\/www.foodtastic.at\/en\/2017\/06\/18\/besuch-im-seewinkel-alles-ueber-die-zucchinibluete\/#primaryimage\",\"url\":\"https:\/\/www.foodtastic.at\/content\/uploads\/2017\/06\/feldkueche_foodtastic_2591-1.jpg\",\"contentUrl\":\"https:\/\/www.foodtastic.at\/content\/uploads\/2017\/06\/feldkueche_foodtastic_2591-1.jpg\",\"width\":5616,\"height\":3744},{\"@type\":\"BreadcrumbList\",\"@id\":\"https:\/\/www.foodtastic.at\/en\/2017\/06\/18\/besuch-im-seewinkel-alles-ueber-die-zucchinibluete\/#breadcrumb\",\"itemListElement\":[{\"@type\":\"ListItem\",\"position\":1,\"name\":\"Home\",\"item\":\"https:\/\/www.foodtastic.at\/en\/\"},{\"@type\":\"ListItem\",\"position\":2,\"name\":\"Besuch im Seewinkel: Alles \u00fcber die Zucchinibl\u00fcte\"}]},{\"@type\":\"WebSite\",\"@id\":\"https:\/\/foodtastic.at\/#website\",\"url\":\"https:\/\/foodtastic.at\/\",\"name\":\"Foodtastic\",\"description\":\"Foodtastic\",\"potentialAction\":[{\"@type\":\"SearchAction\",\"target\":{\"@type\":\"EntryPoint\",\"urlTemplate\":\"https:\/\/foodtastic.at\/?s={search_term_string}\"},\"query-input\":{\"@type\":\"PropertyValueSpecification\",\"valueRequired\":true,\"valueName\":\"search_term_string\"}}],\"inLanguage\":\"en-US\"},{\"@type\":\"Person\",\"@id\":\"https:\/\/foodtastic.at\/#\/schema\/person\/236cc6fc2715dd91e8a168f03acd8f2e\",\"name\":\"Eva Fischer\",\"image\":{\"@type\":\"ImageObject\",\"inLanguage\":\"en-US\",\"@id\":\"https:\/\/foodtastic.at\/#\/schema\/person\/image\/\",\"url\":\"https:\/\/secure.gravatar.com\/avatar\/4ca2586764ed355e8db767a3d352a088?s=96&d=mm&r=g\",\"contentUrl\":\"https:\/\/secure.gravatar.com\/avatar\/4ca2586764ed355e8db767a3d352a088?s=96&d=mm&r=g\",\"caption\":\"Eva Fischer\"},\"sameAs\":[\"https:\/\/78.46.122.165\"],\"url\":\"https:\/\/www.foodtastic.at\/en\/author\/eva\/\"}]}<\/script>\n<!-- \/ Yoast SEO plugin. -->","yoast_head_json":{"title":"Besuch im Seewinkel: Alles \u00fcber die Zucchinibl\u00fcte - Foodtastic","robots":{"index":"index","follow":"follow","max-snippet":"max-snippet:-1","max-image-preview":"max-image-preview:large","max-video-preview":"max-video-preview:-1"},"canonical":"https:\/\/www.foodtastic.at\/en\/2017\/06\/18\/besuch-im-seewinkel-alles-ueber-die-zucchinibluete\/","og_locale":"en_US","og_type":"article","og_title":"Besuch im Seewinkel: Alles \u00fcber die Zucchinibl\u00fcte - Foodtastic","og_description":"In der Fr\u00fch sch\u00fcttete es noch aus K\u00fcbeln, aber der Wetterbericht k\u00fcndigte bereits blauen Himmel und Sonne f\u00fcr den Nachmittag im s\u00fcdlichen Seewinkel an, genauer genommen im burgenl\u00e4ndischen Wallern beim Bio-Bauernhof von Heidi und Anton Peck. Nicht umsonst wird dieser Ort als die sonnenreichste Region \u00d6sterreichs bezeichnet. Hier fand vergangen Samstag eine Veranstaltung der besonderen Art statt. Beim Ja!Nat\u00fcrlich Format \u201eAus Bauernhand\u201c, bei dem es um das Bewusstsein f\u00fcr Bio-regionale Lebensmittel geht, stand bei der Familie Peck das Thema Bio-Zucchini-Bl\u00fcte im Vordergrund.","og_url":"https:\/\/www.foodtastic.at\/en\/2017\/06\/18\/besuch-im-seewinkel-alles-ueber-die-zucchinibluete\/","og_site_name":"Foodtastic","article_published_time":"2017-06-18T15:50:07+00:00","article_modified_time":"2017-08-05T13:53:35+00:00","og_image":[{"width":1024,"height":683,"url":"https:\/\/www.foodtastic.at\/content\/uploads\/2017\/06\/feldkueche_foodtastic_2591-1-1024x683.jpg","type":"image\/jpeg"}],"author":"Eva Fischer","twitter_misc":{"Written by":"Eva Fischer","Est. reading time":"6 minutes"},"schema":{"@context":"https:\/\/schema.org","@graph":[{"@type":"WebPage","@id":"https:\/\/www.foodtastic.at\/en\/2017\/06\/18\/besuch-im-seewinkel-alles-ueber-die-zucchinibluete\/","url":"https:\/\/www.foodtastic.at\/en\/2017\/06\/18\/besuch-im-seewinkel-alles-ueber-die-zucchinibluete\/","name":"Besuch im Seewinkel: Alles \u00fcber die Zucchinibl\u00fcte - Foodtastic","isPartOf":{"@id":"https:\/\/foodtastic.at\/#website"},"primaryImageOfPage":{"@id":"https:\/\/www.foodtastic.at\/en\/2017\/06\/18\/besuch-im-seewinkel-alles-ueber-die-zucchinibluete\/#primaryimage"},"image":{"@id":"https:\/\/www.foodtastic.at\/en\/2017\/06\/18\/besuch-im-seewinkel-alles-ueber-die-zucchinibluete\/#primaryimage"},"thumbnailUrl":"https:\/\/www.foodtastic.at\/content\/uploads\/2017\/06\/feldkueche_foodtastic_2591-1.jpg","datePublished":"2017-06-18T15:50:07+00:00","dateModified":"2017-08-05T13:53:35+00:00","author":{"@id":"https:\/\/foodtastic.at\/#\/schema\/person\/236cc6fc2715dd91e8a168f03acd8f2e"},"breadcrumb":{"@id":"https:\/\/www.foodtastic.at\/en\/2017\/06\/18\/besuch-im-seewinkel-alles-ueber-die-zucchinibluete\/#breadcrumb"},"inLanguage":"en-US","potentialAction":[{"@type":"ReadAction","target":["https:\/\/www.foodtastic.at\/en\/2017\/06\/18\/besuch-im-seewinkel-alles-ueber-die-zucchinibluete\/"]}]},{"@type":"ImageObject","inLanguage":"en-US","@id":"https:\/\/www.foodtastic.at\/en\/2017\/06\/18\/besuch-im-seewinkel-alles-ueber-die-zucchinibluete\/#primaryimage","url":"https:\/\/www.foodtastic.at\/content\/uploads\/2017\/06\/feldkueche_foodtastic_2591-1.jpg","contentUrl":"https:\/\/www.foodtastic.at\/content\/uploads\/2017\/06\/feldkueche_foodtastic_2591-1.jpg","width":5616,"height":3744},{"@type":"BreadcrumbList","@id":"https:\/\/www.foodtastic.at\/en\/2017\/06\/18\/besuch-im-seewinkel-alles-ueber-die-zucchinibluete\/#breadcrumb","itemListElement":[{"@type":"ListItem","position":1,"name":"Home","item":"https:\/\/www.foodtastic.at\/en\/"},{"@type":"ListItem","position":2,"name":"Besuch im Seewinkel: Alles \u00fcber die Zucchinibl\u00fcte"}]},{"@type":"WebSite","@id":"https:\/\/foodtastic.at\/#website","url":"https:\/\/foodtastic.at\/","name":"Foodtastic","description":"Foodtastic","potentialAction":[{"@type":"SearchAction","target":{"@type":"EntryPoint","urlTemplate":"https:\/\/foodtastic.at\/?s={search_term_string}"},"query-input":{"@type":"PropertyValueSpecification","valueRequired":true,"valueName":"search_term_string"}}],"inLanguage":"en-US"},{"@type":"Person","@id":"https:\/\/foodtastic.at\/#\/schema\/person\/236cc6fc2715dd91e8a168f03acd8f2e","name":"Eva Fischer","image":{"@type":"ImageObject","inLanguage":"en-US","@id":"https:\/\/foodtastic.at\/#\/schema\/person\/image\/","url":"https:\/\/secure.gravatar.com\/avatar\/4ca2586764ed355e8db767a3d352a088?s=96&d=mm&r=g","contentUrl":"https:\/\/secure.gravatar.com\/avatar\/4ca2586764ed355e8db767a3d352a088?s=96&d=mm&r=g","caption":"Eva Fischer"},"sameAs":["https:\/\/78.46.122.165"],"url":"https:\/\/www.foodtastic.at\/en\/author\/eva\/"}]}},"_links":{"self":[{"href":"https:\/\/www.foodtastic.at\/en\/wp-json\/wp\/v2\/posts\/14733"}],"collection":[{"href":"https:\/\/www.foodtastic.at\/en\/wp-json\/wp\/v2\/posts"}],"about":[{"href":"https:\/\/www.foodtastic.at\/en\/wp-json\/wp\/v2\/types\/post"}],"author":[{"embeddable":true,"href":"https:\/\/www.foodtastic.at\/en\/wp-json\/wp\/v2\/users\/2"}],"replies":[{"embeddable":true,"href":"https:\/\/www.foodtastic.at\/en\/wp-json\/wp\/v2\/comments?post=14733"}],"version-history":[{"count":0,"href":"https:\/\/www.foodtastic.at\/en\/wp-json\/wp\/v2\/posts\/14733\/revisions"}],"wp:featuredmedia":[{"embeddable":true,"href":"https:\/\/www.foodtastic.at\/en\/wp-json\/wp\/v2\/media\/14511"}],"wp:attachment":[{"href":"https:\/\/www.foodtastic.at\/en\/wp-json\/wp\/v2\/media?parent=14733"}],"wp:term":[{"taxonomy":"category","embeddable":true,"href":"https:\/\/www.foodtastic.at\/en\/wp-json\/wp\/v2\/categories?post=14733"},{"taxonomy":"post_tag","embeddable":true,"href":"https:\/\/www.foodtastic.at\/en\/wp-json\/wp\/v2\/tags?post=14733"},{"taxonomy":"ingredient","embeddable":true,"href":"https:\/\/www.foodtastic.at\/en\/wp-json\/wp\/v2\/ingredient?post=14733"}],"curies":[{"name":"wp","href":"https:\/\/api.w.org\/{rel}","templated":true}]}}