{"id":12249,"date":"2016-03-29T16:40:25","date_gmt":"2016-03-29T14:40:25","guid":{"rendered":"http:\/\/78.46.122.165\/en\/2016\/03\/29\/salzburger-nockerln-und-fruehjahrsgletscherskilauf\/"},"modified":"2016-03-29T16:40:25","modified_gmt":"2016-03-29T14:40:25","slug":"salzburger-nockerln-und-fruehjahrsgletscherskilauf","status":"publish","type":"post","link":"https:\/\/www.foodtastic.at\/en\/2016\/03\/29\/salzburger-nockerln-und-fruehjahrsgletscherskilauf\/","title":{"rendered":"Salzburger Nockerln und Fr\u00fchjahrsgletscherskilauf"},"content":{"rendered":"<p>Durchatmen. Genie\u00dfen. Ein grenzenloses Freiheitsgef\u00fchl, das sich in meinem K\u00f6rper breitmacht. Dazu dieses fantastische Panorama, die frische k\u00fchle Luft und die Sonnenstrahlen. Das Salzburger Land hat mich vergangenes Wochenende nach Zell am See und Kaprun eingeladen. Das \u00fcber 3000 m hohe Kitzsteinhorn und die traumhafte Kulisse des Zeller Sees haben mich unheimlich beeindruckt. Begleitet wurden die traumhaften Tage in Salzburg von k\u00f6stlichen Schmankerln auf Skih\u00fctten und ein k\u00f6stliches G\u00e4nge-Men\u00fc im 2-Hauben-Restaurant Erlhof.<\/p>\n<p><!--more--><\/p>\n<p>Jetzt ist die Zeit ideal, um die Pisten noch einmal so richtig auszukosten. Zwischen Gletscher, Bergen und Seen verspricht <a href=\"https:\/\/www.zellamsee.at\/\">Zell am See-Kaprun <\/a>Wintervergn\u00fcgen pur. Die Region hat einiges zu bieten \u2013 auch f\u00fcr alle, die abseits der Pisten das Schnee-Erlebnis suchen. Angefangen von Langlauf-, Wander- und Schneeschuhtouren bis hin zu tief verschneiten Winterlandschaften und Freeride-Erlebnissen wie das grandiose Event X OVER RIDE, bei dem sich nationale und internationale Freerider Tiefschneeh\u00e4nge \u00fcber Felsen hinunterst\u00fcrzen und atemberaubende Spr\u00fcnge wagen. Dieses Spektakel, das vor 13 Jahren zum ersten Mal veranstaltet wurde, durften wir vergangenen Samstag live miterleben. Da ich selber bereits seit 20 Jahren leidenschaftliche Snowboarderin bin und es liebe frische Tiefschneeh\u00e4nge zu fahren, war dieser Programmpunkt mein Highlight in Salzburg.<\/p>\n<p>Zum Fr\u00fchjahrsgletscherskilauf im <a href=\"https:\/\/www.salzburgerland.com\/en\/visit\/index.html\">Salzburger Land<\/a> in Zell am See-Kaprun war f\u00fcr alle Teilnehmer viel geboten. F\u00fcr mich als Food-Bloggerin und leidenschaftliche Snowboarderin ganz besonders.<\/p>\n<p><a href=\"https:\/\/78.46.122.165\/content\/uploads\/2016\/03\/Foto-19.03.16-10-36-53-e1459261880668.jpg\"><img loading=\"lazy\" decoding=\"async\" class=\"alignnone size-large wp-image-12182\" src=\"https:\/\/78.46.122.165\/content\/uploads\/2016\/03\/Foto-19.03.16-10-36-53-e1459261880668-662x883.jpg\" alt=\"Foto 19.03.16, 10 36 53\" width=\"662\" height=\"883\" \/><\/a><\/p>\n<p><a href=\"https:\/\/78.46.122.165\/content\/uploads\/2016\/03\/Foto-19.03.16-13-41-57.jpg\"><img loading=\"lazy\" decoding=\"async\" class=\"alignnone size-w1000 wp-image-12192\" src=\"https:\/\/78.46.122.165\/content\/uploads\/2016\/03\/Foto-19.03.16-13-41-57-1000x750.jpg\" alt=\"Foto 19.03.16, 13 41 57\" width=\"1000\" height=\"750\" srcset=\"https:\/\/www.foodtastic.at\/content\/uploads\/2016\/03\/Foto-19.03.16-13-41-57-1000x750.jpg 1000w, https:\/\/www.foodtastic.at\/content\/uploads\/2016\/03\/Foto-19.03.16-13-41-57-300x225.jpg 300w, https:\/\/www.foodtastic.at\/content\/uploads\/2016\/03\/Foto-19.03.16-13-41-57-768x576.jpg 768w, https:\/\/www.foodtastic.at\/content\/uploads\/2016\/03\/Foto-19.03.16-13-41-57-1024x768.jpg 1024w, https:\/\/www.foodtastic.at\/content\/uploads\/2016\/03\/Foto-19.03.16-13-41-57-2000x1500.jpg 2000w, https:\/\/www.foodtastic.at\/content\/uploads\/2016\/03\/Foto-19.03.16-13-41-57-1500x1125.jpg 1500w, https:\/\/www.foodtastic.at\/content\/uploads\/2016\/03\/Foto-19.03.16-13-41-57-500x375.jpg 500w\" sizes=\"(max-width: 1000px) 100vw, 1000px\" \/><\/a><\/p>\n<h3><strong>Zell am See ist eng mit Porsche verbunden<\/strong><\/h3>\n<p>Hier haben sich die Familien Porsche und Pi\u00ebch 1942 am Sch\u00fcttgut in Zell am See niedergelassen. Das Porsche Museum, die Internationalen Porsche Tage in der Region und das Porsche Design Studio machen Zell am See \u201ef\u00fcr Porsche Freunde zu einer Art Wallfahrtsort\u201c, wie es der Gesch\u00e4ftsf\u00fchrer des Porsche Club Verbands \u00d6sterreich, Karl Steiner, ausdr\u00fcckte.<\/p>\n<p>Zu einer Pilgeradresse ganz anderer Natur wird Zell am See-Kaprun vor allem f\u00fcr Tausende Wintersportbegeisterte und Genussmenschen an sich. Was die Skigebiete Kitzsteinhorn, Schmittenh\u00f6he und Maiskogel vom Gletscher in \u00fcber 3.000 m H\u00f6he bis zum Ufer des Zeller Sees f\u00fcr jeden \u2013 vom Anf\u00e4nger \u00fcber Familien bis zu Profis und Freeridern \u2013 bereithalten, ist allumfassender Schneegenuss. Apropos Genuss: Dieser wird hier ebenfalls in viele Richtungen interpretiert, n\u00e4mlich in kulinarische, kulturelle, historische, sportliche oder erholsame; mehr noch ist Genuss im Salzburger Land aber die Summe und Verbindung au\u00dfergew\u00f6hnlicher Erlebnisse f\u00fcr alle Sinne. F\u00fcr diese Vielfalt sind gro\u00dfe Namen und Traditionen, die wundersch\u00f6ne Landschaft sowie zahlreiche neuzeitliche Attraktionen verantwortlich.<\/p>\n<p>Vergangenes Wochenende nahm ich eine ganze Palette unvergesslicher Eindr\u00fccke mit.<\/p>\n<h3><strong>Erster Tag in Zell am See<\/strong><\/h3>\n<p>Ich war mit einer lieben Blogger-Kollegin, die bei <a href=\"https:\/\/www.creativelena.com\/\">Creativeelana<\/a> schreibt, im <a href=\"https:\/\/www.alpinhotel.at\/\">Sporthotel Alpin<\/a> der Familie Schwaninger in Zell am See vorz\u00fcglich untergebracht. Was ich an diesem Hotel besonders sch\u00e4tze, ist die N\u00e4he zu den Skiliften, der tolle Ausblick auf den See und Verw\u00f6hnambiente. F\u00fcr mich gab\u2018s zum Fr\u00fchst\u00fcck ein k\u00f6stliches glutenfreies Brot und einen herrlichen frisch gepressten Karotten-Orangen-Saft.<\/p>\n<p>Die Stadtf\u00fchrung am Nachmittag durch die Altstadt bot schon tolle Einblicke in Kulinarik (Feinkostladen Lumpi oder Heimatgold) sowie Design und Handwerk (Jungdesignerin Mirabell Plumer und Leder Zant). Die von Mirabell Plumer modern interpretierte Tracht und die z\u00fcnftigen Zant Lederhosen \u2013 selten auch f\u00fcr Damen \u2013 hatten es mir gleich angetan. Allerdings gibt es eine Wartezeit von im Schnitt zwei Jahren f\u00fcr eine Hose, von denen nur 60 \u2013 80 St\u00fcck pro Jahr manuell gefertigt werden. Die wei\u00dfe Bestickung des Latzleders ist typisch f\u00fcrs Pinzgau und uraltes, feines Handwerk. Gegerbt wird biologisch und dementsprechend schonend, n\u00e4mlich 2 \u00bd Monate. Das Bio-Leder f\u00fcr die Hosen kommt entweder aus \u00d6sterreich oder wird aus Neuseeland importiert, erz\u00e4hlt uns Tobias Zant, S\u00e4cklermeister in siebter Generation.<\/p>\n<p><a href=\"https:\/\/78.46.122.165\/content\/uploads\/2016\/03\/Foto-17.03.16-15-27-22.jpg\"><img loading=\"lazy\" decoding=\"async\" class=\"alignnone size-w1000 wp-image-12142\" src=\"https:\/\/78.46.122.165\/content\/uploads\/2016\/03\/Foto-17.03.16-15-27-22-1000x735.jpg\" alt=\"Foto 17.03.16, 15 27 22\" width=\"1000\" height=\"735\" srcset=\"https:\/\/www.foodtastic.at\/content\/uploads\/2016\/03\/Foto-17.03.16-15-27-22-1000x735.jpg 1000w, https:\/\/www.foodtastic.at\/content\/uploads\/2016\/03\/Foto-17.03.16-15-27-22-300x220.jpg 300w, https:\/\/www.foodtastic.at\/content\/uploads\/2016\/03\/Foto-17.03.16-15-27-22-768x564.jpg 768w, https:\/\/www.foodtastic.at\/content\/uploads\/2016\/03\/Foto-17.03.16-15-27-22-1024x752.jpg 1024w, https:\/\/www.foodtastic.at\/content\/uploads\/2016\/03\/Foto-17.03.16-15-27-22-2000x1469.jpg 2000w, https:\/\/www.foodtastic.at\/content\/uploads\/2016\/03\/Foto-17.03.16-15-27-22-1500x1102.jpg 1500w, https:\/\/www.foodtastic.at\/content\/uploads\/2016\/03\/Foto-17.03.16-15-27-22-500x367.jpg 500w\" sizes=\"(max-width: 1000px) 100vw, 1000px\" \/><\/a><\/p>\n<p><a href=\"https:\/\/78.46.122.165\/content\/uploads\/2016\/03\/DSC00849.jpg\"><img loading=\"lazy\" decoding=\"async\" class=\"alignnone size-w1000 wp-image-12220\" src=\"https:\/\/78.46.122.165\/content\/uploads\/2016\/03\/DSC00849-1000x667.jpg\" alt=\"DSC00849\" width=\"1000\" height=\"667\" srcset=\"https:\/\/www.foodtastic.at\/content\/uploads\/2016\/03\/DSC00849-1000x667.jpg 1000w, https:\/\/www.foodtastic.at\/content\/uploads\/2016\/03\/DSC00849-300x200.jpg 300w, https:\/\/www.foodtastic.at\/content\/uploads\/2016\/03\/DSC00849-768x512.jpg 768w, https:\/\/www.foodtastic.at\/content\/uploads\/2016\/03\/DSC00849-1024x683.jpg 1024w, https:\/\/www.foodtastic.at\/content\/uploads\/2016\/03\/DSC00849-2000x1333.jpg 2000w, https:\/\/www.foodtastic.at\/content\/uploads\/2016\/03\/DSC00849-1500x1000.jpg 1500w, https:\/\/www.foodtastic.at\/content\/uploads\/2016\/03\/DSC00849-500x333.jpg 500w\" sizes=\"(max-width: 1000px) 100vw, 1000px\" \/><\/a><\/p>\n<p><a href=\"https:\/\/78.46.122.165\/content\/uploads\/2016\/03\/DSC00832.jpg\"><img loading=\"lazy\" decoding=\"async\" class=\"alignnone size-w1000 wp-image-12216\" src=\"https:\/\/78.46.122.165\/content\/uploads\/2016\/03\/DSC00832-1000x667.jpg\" alt=\"DSC00832\" width=\"1000\" height=\"667\" srcset=\"https:\/\/www.foodtastic.at\/content\/uploads\/2016\/03\/DSC00832-1000x667.jpg 1000w, https:\/\/www.foodtastic.at\/content\/uploads\/2016\/03\/DSC00832-300x200.jpg 300w, https:\/\/www.foodtastic.at\/content\/uploads\/2016\/03\/DSC00832-768x512.jpg 768w, https:\/\/www.foodtastic.at\/content\/uploads\/2016\/03\/DSC00832-1024x683.jpg 1024w, https:\/\/www.foodtastic.at\/content\/uploads\/2016\/03\/DSC00832-2000x1333.jpg 2000w, https:\/\/www.foodtastic.at\/content\/uploads\/2016\/03\/DSC00832-1500x1000.jpg 1500w, https:\/\/www.foodtastic.at\/content\/uploads\/2016\/03\/DSC00832-500x333.jpg 500w\" sizes=\"(max-width: 1000px) 100vw, 1000px\" \/><\/a><\/p>\n<p><a href=\"https:\/\/78.46.122.165\/content\/uploads\/2016\/03\/Foto-17.03.16-15-55-14.jpg\"><img loading=\"lazy\" decoding=\"async\" class=\"alignnone wp-image-12148 size-large\" src=\"https:\/\/78.46.122.165\/content\/uploads\/2016\/03\/Foto-17.03.16-15-55-14-e1459258695280-662x883.jpg\" alt=\"Foto 17.03.16, 15 55 14\" width=\"662\" height=\"883\" \/><\/a><\/p>\n<p><a href=\"https:\/\/78.46.122.165\/content\/uploads\/2016\/03\/Foto-17.03.16-16-08-00.jpg\"><img loading=\"lazy\" decoding=\"async\" class=\"alignnone size-w1000 wp-image-12150\" src=\"https:\/\/78.46.122.165\/content\/uploads\/2016\/03\/Foto-17.03.16-16-08-00-1000x750.jpg\" alt=\"Foto 17.03.16, 16 08 00\" width=\"1000\" height=\"750\" srcset=\"https:\/\/www.foodtastic.at\/content\/uploads\/2016\/03\/Foto-17.03.16-16-08-00-1000x750.jpg 1000w, https:\/\/www.foodtastic.at\/content\/uploads\/2016\/03\/Foto-17.03.16-16-08-00-300x225.jpg 300w, https:\/\/www.foodtastic.at\/content\/uploads\/2016\/03\/Foto-17.03.16-16-08-00-768x576.jpg 768w, https:\/\/www.foodtastic.at\/content\/uploads\/2016\/03\/Foto-17.03.16-16-08-00-1024x768.jpg 1024w, https:\/\/www.foodtastic.at\/content\/uploads\/2016\/03\/Foto-17.03.16-16-08-00-2000x1500.jpg 2000w, https:\/\/www.foodtastic.at\/content\/uploads\/2016\/03\/Foto-17.03.16-16-08-00-1500x1125.jpg 1500w, https:\/\/www.foodtastic.at\/content\/uploads\/2016\/03\/Foto-17.03.16-16-08-00-500x375.jpg 500w\" sizes=\"(max-width: 1000px) 100vw, 1000px\" \/><\/a><\/p>\n<p><a href=\"https:\/\/78.46.122.165\/content\/uploads\/2016\/03\/Foto-17.03.16-16-35-52.jpg\"><img loading=\"lazy\" decoding=\"async\" class=\"alignnone wp-image-12152 size-large\" src=\"https:\/\/78.46.122.165\/content\/uploads\/2016\/03\/Foto-17.03.16-16-35-52-e1459258763655-662x883.jpg\" alt=\"Foto 17.03.16, 16 35 52\" width=\"662\" height=\"883\" \/><\/a><\/p>\n<p><a href=\"https:\/\/78.46.122.165\/content\/uploads\/2016\/03\/Foto-17.03.16-16-42-25.jpg\"><img loading=\"lazy\" decoding=\"async\" class=\"alignnone wp-image-12154 size-large\" src=\"https:\/\/78.46.122.165\/content\/uploads\/2016\/03\/Foto-17.03.16-16-42-25-e1459258790197-662x883.jpg\" alt=\"Foto 17.03.16, 16 42 25\" width=\"662\" height=\"883\" \/><\/a><\/p>\n<p>&nbsp;<\/p>\n<p><a href=\"https:\/\/78.46.122.165\/content\/uploads\/2016\/03\/DSC00816.jpg\"><img loading=\"lazy\" decoding=\"async\" class=\"alignnone size-w1000 wp-image-12246\" src=\"https:\/\/78.46.122.165\/content\/uploads\/2016\/03\/DSC00816-1000x667.jpg\" alt=\"DSC00816\" width=\"1000\" height=\"667\" srcset=\"https:\/\/www.foodtastic.at\/content\/uploads\/2016\/03\/DSC00816-1000x667.jpg 1000w, https:\/\/www.foodtastic.at\/content\/uploads\/2016\/03\/DSC00816-300x200.jpg 300w, https:\/\/www.foodtastic.at\/content\/uploads\/2016\/03\/DSC00816-768x512.jpg 768w, https:\/\/www.foodtastic.at\/content\/uploads\/2016\/03\/DSC00816-1024x683.jpg 1024w, https:\/\/www.foodtastic.at\/content\/uploads\/2016\/03\/DSC00816-2000x1333.jpg 2000w, https:\/\/www.foodtastic.at\/content\/uploads\/2016\/03\/DSC00816-1500x1000.jpg 1500w, https:\/\/www.foodtastic.at\/content\/uploads\/2016\/03\/DSC00816-500x333.jpg 500w\" sizes=\"(max-width: 1000px) 100vw, 1000px\" \/><\/a><\/p>\n<p>Nach dem sch\u00f6nen Spaziergang in der Altstadt gab es ein Abendessen im Hotel Stadt Wien. Besonders angetan war ich hier von den hausgemachten, glutenfreien Gnocchi.<\/p>\n<h3><strong>Zweiter Tag, Schmittenh\u00f6he<\/strong><\/h3>\n<p>Um 8.30 stand ich mit unserer Gruppe zum Transfer zur Schmittenh\u00f6henbahn bereit. Mit unserem sympathischen <a href=\"https:\/\/www.facebook.com\/ski.kaprun\/?pnref=lhc\">Skilehrer und Guide Heli Schneider<\/a> ging\u2018s dann auf 2.000 m H\u00f6he, wo man eine fantastische Aussicht auf 30 Dreitausender hat. Die Schmittenh\u00f6he ist der Hausberg von Zell am See. Hier wanderte schon die \u00f6sterreichische Kaiserin Sisi, um ihr Asthma zu kurieren. Bevor die H\u00f6henbahn gebaut wurde, kamen die G\u00e4ste mit dem Schmitten-Wagerl, einem Pferdegespann, \u00fcber einen Reitweg auf die Schmittenh\u00f6he. Elisabeth wollte damit aber nicht transportiert werden und stieg mit einem Bergf\u00fchrer um 1 Uhr in der Fr\u00fch von Zell am See auf, um den traumhaften Sonnenaufgang zu erleben.<\/p>\n<p><a href=\"https:\/\/78.46.122.165\/content\/uploads\/2016\/03\/DSC00870.jpg\"><img loading=\"lazy\" decoding=\"async\" class=\"alignnone size-w1000 wp-image-12244\" src=\"https:\/\/78.46.122.165\/content\/uploads\/2016\/03\/DSC00870-1000x667.jpg\" alt=\"DSC00870\" width=\"1000\" height=\"667\" srcset=\"https:\/\/www.foodtastic.at\/content\/uploads\/2016\/03\/DSC00870-1000x667.jpg 1000w, https:\/\/www.foodtastic.at\/content\/uploads\/2016\/03\/DSC00870-300x200.jpg 300w, https:\/\/www.foodtastic.at\/content\/uploads\/2016\/03\/DSC00870-768x512.jpg 768w, https:\/\/www.foodtastic.at\/content\/uploads\/2016\/03\/DSC00870-1024x683.jpg 1024w, https:\/\/www.foodtastic.at\/content\/uploads\/2016\/03\/DSC00870-2000x1333.jpg 2000w, https:\/\/www.foodtastic.at\/content\/uploads\/2016\/03\/DSC00870-1500x1000.jpg 1500w, https:\/\/www.foodtastic.at\/content\/uploads\/2016\/03\/DSC00870-500x333.jpg 500w\" sizes=\"(max-width: 1000px) 100vw, 1000px\" \/><\/a><\/p>\n<p>Die <strong>Via Culinaria<\/strong> l\u00e4dt zu einer genussvollen Reise kreuz und quer durch das Salzburger Land ein. Auf 8 Genusswegen f\u00fchrt sie zu k\u00f6stlichen regionalen Produkten \u2013 egal ob man sie beim Produzenten oder beim Bauern verkostet, beim urigen Wirt oder im Haubenrestaurant. Wir entdeckten entlang des \u201eGenussweges f\u00fcr H\u00fcttenhocker\u201c die traumhaft sch\u00f6n gelegene Areitalm. Auf der gem\u00fctlichen Sonnenterrasse lie\u00dfen wir uns mit speziellen \u201eVia Culinaria Schmankerln\u201c verw\u00f6hnen. Von hier hat man einen traumhaften Blick auf das Kitzsteinhorn, den Zeller See und das Pinzgauer Salzachtal.<\/p>\n<p>In den zwanzig Salzburger Skih\u00fctten entlang des Via Culinaria Genussweges f\u00fcr (Ski-)H\u00fcttenhocker lautet das Motto \u201eGourmet im Schnee\u201c. H\u00fcttenwirtInnen haben gemeinsam mit Salzburger Spitzenk\u00f6chen Gerichte mit den kulinarischen Besonderheiten der Region kreiert. Sie werden jeden Tag frisch aus heimischen Zutaten zubereitet und exklusiv auf den ausgew\u00e4hlten Skih\u00fctten serviert.<\/p>\n<p>Nach dem traumhaften Skivormittag ging es dann zur Entspannung in die \u201eExpeditionswelten\u201c im TAUERN SPA in Kaprun. Mein Highlight hier war der Cuba Libre, der einem direkt in den warmen Panorama-Au\u00dfenpool serviert wurde. Die Aqua-Welt umfasst In- und Outdoor-Becken, eine faszinierende Saunalandschaft mit Panorama-, Backofen- und Bio-Sauna, Kr\u00e4uterbad, Aroma-Dampfbad und Aufguss-Saunen im Garten. Entspannung pur!<\/p>\n<p>Abends ging es dann weiter ins Casino im Nordfl\u00fcgel des Grand Hotels Zell am See, das am 1. J\u00e4nner 2016 er\u00f6ffnet hat.<\/p>\n<p><a href=\"https:\/\/78.46.122.165\/content\/uploads\/2016\/03\/DSC00883.jpg\"><img loading=\"lazy\" decoding=\"async\" class=\"alignnone size-w1000 wp-image-12224\" src=\"https:\/\/78.46.122.165\/content\/uploads\/2016\/03\/DSC00883-1000x667.jpg\" alt=\"DSC00883\" width=\"1000\" height=\"667\" srcset=\"https:\/\/www.foodtastic.at\/content\/uploads\/2016\/03\/DSC00883-1000x667.jpg 1000w, https:\/\/www.foodtastic.at\/content\/uploads\/2016\/03\/DSC00883-300x200.jpg 300w, https:\/\/www.foodtastic.at\/content\/uploads\/2016\/03\/DSC00883-768x512.jpg 768w, https:\/\/www.foodtastic.at\/content\/uploads\/2016\/03\/DSC00883-1024x683.jpg 1024w, https:\/\/www.foodtastic.at\/content\/uploads\/2016\/03\/DSC00883-2000x1333.jpg 2000w, https:\/\/www.foodtastic.at\/content\/uploads\/2016\/03\/DSC00883-1500x1000.jpg 1500w, https:\/\/www.foodtastic.at\/content\/uploads\/2016\/03\/DSC00883-500x333.jpg 500w\" sizes=\"(max-width: 1000px) 100vw, 1000px\" \/><\/a><\/p>\n<p><a href=\"https:\/\/78.46.122.165\/content\/uploads\/2016\/03\/DSC008601.jpg\"><img loading=\"lazy\" decoding=\"async\" class=\"alignnone size-w1000 wp-image-12240\" src=\"https:\/\/78.46.122.165\/content\/uploads\/2016\/03\/DSC008601-1000x667.jpg\" alt=\"DSC00860\" width=\"1000\" height=\"667\" srcset=\"https:\/\/www.foodtastic.at\/content\/uploads\/2016\/03\/DSC008601-1000x667.jpg 1000w, https:\/\/www.foodtastic.at\/content\/uploads\/2016\/03\/DSC008601-300x200.jpg 300w, https:\/\/www.foodtastic.at\/content\/uploads\/2016\/03\/DSC008601-768x512.jpg 768w, https:\/\/www.foodtastic.at\/content\/uploads\/2016\/03\/DSC008601-1024x683.jpg 1024w, https:\/\/www.foodtastic.at\/content\/uploads\/2016\/03\/DSC008601-2000x1333.jpg 2000w, https:\/\/www.foodtastic.at\/content\/uploads\/2016\/03\/DSC008601-1500x1000.jpg 1500w, https:\/\/www.foodtastic.at\/content\/uploads\/2016\/03\/DSC008601-500x333.jpg 500w\" sizes=\"(max-width: 1000px) 100vw, 1000px\" \/><\/a><\/p>\n<p><a href=\"https:\/\/78.46.122.165\/content\/uploads\/2016\/03\/Foto-18.03.16-10-57-25.jpg\"><img loading=\"lazy\" decoding=\"async\" class=\"alignnone size-w1000 wp-image-12162\" src=\"https:\/\/78.46.122.165\/content\/uploads\/2016\/03\/Foto-18.03.16-10-57-25-1000x750.jpg\" alt=\"Foto 18.03.16, 10 57 25\" width=\"1000\" height=\"750\" srcset=\"https:\/\/www.foodtastic.at\/content\/uploads\/2016\/03\/Foto-18.03.16-10-57-25-1000x750.jpg 1000w, https:\/\/www.foodtastic.at\/content\/uploads\/2016\/03\/Foto-18.03.16-10-57-25-300x225.jpg 300w, https:\/\/www.foodtastic.at\/content\/uploads\/2016\/03\/Foto-18.03.16-10-57-25-768x576.jpg 768w, https:\/\/www.foodtastic.at\/content\/uploads\/2016\/03\/Foto-18.03.16-10-57-25-1024x768.jpg 1024w, https:\/\/www.foodtastic.at\/content\/uploads\/2016\/03\/Foto-18.03.16-10-57-25-2000x1500.jpg 2000w, https:\/\/www.foodtastic.at\/content\/uploads\/2016\/03\/Foto-18.03.16-10-57-25-1500x1125.jpg 1500w, https:\/\/www.foodtastic.at\/content\/uploads\/2016\/03\/Foto-18.03.16-10-57-25-500x375.jpg 500w\" sizes=\"(max-width: 1000px) 100vw, 1000px\" \/><\/a><\/p>\n<p><a href=\"https:\/\/78.46.122.165\/content\/uploads\/2016\/03\/Foto-18.03.16-10-58-55.jpg\"><img loading=\"lazy\" decoding=\"async\" class=\"alignnone size-full wp-image-12164\" src=\"https:\/\/78.46.122.165\/content\/uploads\/2016\/03\/Foto-18.03.16-10-58-55.jpg\" alt=\"Foto 18.03.16, 10 58 55\" width=\"4032\" height=\"3024\" srcset=\"https:\/\/www.foodtastic.at\/content\/uploads\/2016\/03\/Foto-18.03.16-10-58-55.jpg 4032w, https:\/\/www.foodtastic.at\/content\/uploads\/2016\/03\/Foto-18.03.16-10-58-55-300x225.jpg 300w, https:\/\/www.foodtastic.at\/content\/uploads\/2016\/03\/Foto-18.03.16-10-58-55-768x576.jpg 768w, https:\/\/www.foodtastic.at\/content\/uploads\/2016\/03\/Foto-18.03.16-10-58-55-1024x768.jpg 1024w, https:\/\/www.foodtastic.at\/content\/uploads\/2016\/03\/Foto-18.03.16-10-58-55-2000x1500.jpg 2000w, https:\/\/www.foodtastic.at\/content\/uploads\/2016\/03\/Foto-18.03.16-10-58-55-1500x1125.jpg 1500w, https:\/\/www.foodtastic.at\/content\/uploads\/2016\/03\/Foto-18.03.16-10-58-55-1000x750.jpg 1000w, https:\/\/www.foodtastic.at\/content\/uploads\/2016\/03\/Foto-18.03.16-10-58-55-500x375.jpg 500w\" sizes=\"(max-width: 4032px) 100vw, 4032px\" \/><\/a><\/p>\n<h3><a href=\"https:\/\/78.46.122.165\/content\/uploads\/2016\/03\/Foto-19.03.16-09-38-46.jpg\"><img loading=\"lazy\" decoding=\"async\" class=\"alignnone size-full wp-image-12166\" src=\"https:\/\/78.46.122.165\/content\/uploads\/2016\/03\/Foto-19.03.16-09-38-46.jpg\" alt=\"Foto 19.03.16, 09 38 46\" width=\"4032\" height=\"3024\" srcset=\"https:\/\/www.foodtastic.at\/content\/uploads\/2016\/03\/Foto-19.03.16-09-38-46.jpg 4032w, https:\/\/www.foodtastic.at\/content\/uploads\/2016\/03\/Foto-19.03.16-09-38-46-300x225.jpg 300w, https:\/\/www.foodtastic.at\/content\/uploads\/2016\/03\/Foto-19.03.16-09-38-46-768x576.jpg 768w, https:\/\/www.foodtastic.at\/content\/uploads\/2016\/03\/Foto-19.03.16-09-38-46-1024x768.jpg 1024w, https:\/\/www.foodtastic.at\/content\/uploads\/2016\/03\/Foto-19.03.16-09-38-46-2000x1500.jpg 2000w, https:\/\/www.foodtastic.at\/content\/uploads\/2016\/03\/Foto-19.03.16-09-38-46-1500x1125.jpg 1500w, https:\/\/www.foodtastic.at\/content\/uploads\/2016\/03\/Foto-19.03.16-09-38-46-1000x750.jpg 1000w, https:\/\/www.foodtastic.at\/content\/uploads\/2016\/03\/Foto-19.03.16-09-38-46-500x375.jpg 500w\" sizes=\"(max-width: 4032px) 100vw, 4032px\" \/><\/a><\/h3>\n<h3><strong>Dritter Tag, Kitzsteinhorn<\/strong><\/h3>\n<p>\u201eFreiheit auf 3.000 Metern\u201c erwartete uns beim Aufstieg und <strong>Fr\u00fchjahrsgletscherlauf am Kitzsteinhorn. <\/strong><em>Das erste Gletscherskigebiet feiert diesen Winter sein 50-j\u00e4hriges Jubil\u00e4um und bietet mit den neuen Bahnen \u201eGletscherjet 3 + 4\u201c f\u00fcr noch komfortableres Wintersportvergn\u00fcgen. <\/em><\/p>\n<p><em>Umgeben von den imposanten Gipfeln der Hohen Tauern, er\u00f6ffnet sich auf dem <strong>Kitzsteinhorn <\/strong>das Abenteuer Berg.<\/em><\/p>\n<p>Idealerweise startet man den sportlichen Tag mit einem Gletscherfr\u00fchst\u00fcck im stylishen Gipfel Restaurant und sucht sich dann seine Idealbedingungen im Gel\u00e4nde<em>. Das Gletscherskigebiet wurde bereits 1965 erschlossen und pr\u00e4sentiert sich heute mit weitl\u00e4ufigen Pisten als moderne Skiregion. Schneesicherheit, zahlreiche Routen und das abwechslungsreiche Offpist-Gel\u00e4nde machen es zu einem der beliebtesten Freeride Hotspots in den Alpen. \u2013 Auch mein Freerider-Traum!<\/em><\/p>\n<p><a href=\"https:\/\/78.46.122.165\/content\/uploads\/2016\/03\/Foto-19.03.16-13-49-50.jpg\"><img loading=\"lazy\" decoding=\"async\" class=\"alignnone size-w1000 wp-image-12194\" src=\"https:\/\/78.46.122.165\/content\/uploads\/2016\/03\/Foto-19.03.16-13-49-50-1000x750.jpg\" alt=\"Foto 19.03.16, 13 49 50\" width=\"1000\" height=\"750\" srcset=\"https:\/\/www.foodtastic.at\/content\/uploads\/2016\/03\/Foto-19.03.16-13-49-50-1000x750.jpg 1000w, https:\/\/www.foodtastic.at\/content\/uploads\/2016\/03\/Foto-19.03.16-13-49-50-300x225.jpg 300w, https:\/\/www.foodtastic.at\/content\/uploads\/2016\/03\/Foto-19.03.16-13-49-50-768x576.jpg 768w, https:\/\/www.foodtastic.at\/content\/uploads\/2016\/03\/Foto-19.03.16-13-49-50-1024x768.jpg 1024w, https:\/\/www.foodtastic.at\/content\/uploads\/2016\/03\/Foto-19.03.16-13-49-50-2000x1500.jpg 2000w, https:\/\/www.foodtastic.at\/content\/uploads\/2016\/03\/Foto-19.03.16-13-49-50-1500x1125.jpg 1500w, https:\/\/www.foodtastic.at\/content\/uploads\/2016\/03\/Foto-19.03.16-13-49-50-500x375.jpg 500w\" sizes=\"(max-width: 1000px) 100vw, 1000px\" \/><\/a><\/p>\n<p><a href=\"https:\/\/78.46.122.165\/content\/uploads\/2016\/03\/Foto-19.03.16-14-23-42.jpg\"><img loading=\"lazy\" decoding=\"async\" class=\"alignnone size-w1000 wp-image-12198\" src=\"https:\/\/78.46.122.165\/content\/uploads\/2016\/03\/Foto-19.03.16-14-23-42-1000x750.jpg\" alt=\"Foto 19.03.16, 14 23 42\" width=\"1000\" height=\"750\" srcset=\"https:\/\/www.foodtastic.at\/content\/uploads\/2016\/03\/Foto-19.03.16-14-23-42-1000x750.jpg 1000w, https:\/\/www.foodtastic.at\/content\/uploads\/2016\/03\/Foto-19.03.16-14-23-42-300x225.jpg 300w, https:\/\/www.foodtastic.at\/content\/uploads\/2016\/03\/Foto-19.03.16-14-23-42-768x576.jpg 768w, https:\/\/www.foodtastic.at\/content\/uploads\/2016\/03\/Foto-19.03.16-14-23-42-1024x768.jpg 1024w, https:\/\/www.foodtastic.at\/content\/uploads\/2016\/03\/Foto-19.03.16-14-23-42-2000x1500.jpg 2000w, https:\/\/www.foodtastic.at\/content\/uploads\/2016\/03\/Foto-19.03.16-14-23-42-1500x1125.jpg 1500w, https:\/\/www.foodtastic.at\/content\/uploads\/2016\/03\/Foto-19.03.16-14-23-42-500x375.jpg 500w\" sizes=\"(max-width: 1000px) 100vw, 1000px\" \/><\/a><\/p>\n<p><a href=\"https:\/\/78.46.122.165\/content\/uploads\/2016\/03\/DSC00952.jpg\"><img loading=\"lazy\" decoding=\"async\" class=\"alignnone size-w1000 wp-image-12234\" src=\"https:\/\/78.46.122.165\/content\/uploads\/2016\/03\/DSC00952-1000x667.jpg\" alt=\"DSC00952\" width=\"1000\" height=\"667\" srcset=\"https:\/\/www.foodtastic.at\/content\/uploads\/2016\/03\/DSC00952-1000x667.jpg 1000w, https:\/\/www.foodtastic.at\/content\/uploads\/2016\/03\/DSC00952-300x200.jpg 300w, https:\/\/www.foodtastic.at\/content\/uploads\/2016\/03\/DSC00952-768x512.jpg 768w, https:\/\/www.foodtastic.at\/content\/uploads\/2016\/03\/DSC00952-1024x683.jpg 1024w, https:\/\/www.foodtastic.at\/content\/uploads\/2016\/03\/DSC00952-2000x1333.jpg 2000w, https:\/\/www.foodtastic.at\/content\/uploads\/2016\/03\/DSC00952-1500x1000.jpg 1500w, https:\/\/www.foodtastic.at\/content\/uploads\/2016\/03\/DSC00952-500x333.jpg 500w\" sizes=\"(max-width: 1000px) 100vw, 1000px\" \/><\/a><\/p>\n<p><a href=\"https:\/\/78.46.122.165\/content\/uploads\/2016\/03\/DSC00933.jpg\"><img loading=\"lazy\" decoding=\"async\" class=\"alignnone size-w1000 wp-image-12228\" src=\"https:\/\/78.46.122.165\/content\/uploads\/2016\/03\/DSC00933-1000x667.jpg\" alt=\"DSC00933\" width=\"1000\" height=\"667\" srcset=\"https:\/\/www.foodtastic.at\/content\/uploads\/2016\/03\/DSC00933-1000x667.jpg 1000w, https:\/\/www.foodtastic.at\/content\/uploads\/2016\/03\/DSC00933-300x200.jpg 300w, https:\/\/www.foodtastic.at\/content\/uploads\/2016\/03\/DSC00933-768x512.jpg 768w, https:\/\/www.foodtastic.at\/content\/uploads\/2016\/03\/DSC00933-1024x683.jpg 1024w, https:\/\/www.foodtastic.at\/content\/uploads\/2016\/03\/DSC00933-2000x1333.jpg 2000w, https:\/\/www.foodtastic.at\/content\/uploads\/2016\/03\/DSC00933-1500x1000.jpg 1500w, https:\/\/www.foodtastic.at\/content\/uploads\/2016\/03\/DSC00933-500x333.jpg 500w\" sizes=\"(max-width: 1000px) 100vw, 1000px\" \/><\/a><\/p>\n<p><a href=\"https:\/\/78.46.122.165\/content\/uploads\/2016\/03\/Foto-19.03.16-10-11-37.jpg\"><img loading=\"lazy\" decoding=\"async\" class=\"alignnone size-w1000 wp-image-12180\" src=\"https:\/\/78.46.122.165\/content\/uploads\/2016\/03\/Foto-19.03.16-10-11-37-1000x750.jpg\" alt=\"Foto 19.03.16, 10 11 37\" width=\"1000\" height=\"750\" srcset=\"https:\/\/www.foodtastic.at\/content\/uploads\/2016\/03\/Foto-19.03.16-10-11-37-1000x750.jpg 1000w, https:\/\/www.foodtastic.at\/content\/uploads\/2016\/03\/Foto-19.03.16-10-11-37-300x225.jpg 300w, https:\/\/www.foodtastic.at\/content\/uploads\/2016\/03\/Foto-19.03.16-10-11-37-768x576.jpg 768w, https:\/\/www.foodtastic.at\/content\/uploads\/2016\/03\/Foto-19.03.16-10-11-37-1024x768.jpg 1024w, https:\/\/www.foodtastic.at\/content\/uploads\/2016\/03\/Foto-19.03.16-10-11-37-2000x1500.jpg 2000w, https:\/\/www.foodtastic.at\/content\/uploads\/2016\/03\/Foto-19.03.16-10-11-37-1500x1125.jpg 1500w, https:\/\/www.foodtastic.at\/content\/uploads\/2016\/03\/Foto-19.03.16-10-11-37-500x375.jpg 500w\" sizes=\"(max-width: 1000px) 100vw, 1000px\" \/><\/a><\/p>\n<p><a href=\"https:\/\/78.46.122.165\/content\/uploads\/2016\/03\/Foto-19.03.16-10-01-371.jpg\"><img loading=\"lazy\" decoding=\"async\" class=\"alignnone wp-image-12178 size-large\" src=\"https:\/\/78.46.122.165\/content\/uploads\/2016\/03\/Foto-19.03.16-10-01-371-e1459261817399-662x883.jpg\" alt=\"Foto 19.03.16, 10 01 37\" width=\"662\" height=\"883\" \/><\/a><\/p>\n<p><a href=\"https:\/\/78.46.122.165\/content\/uploads\/2016\/03\/Foto-19.03.16-11-54-43.jpg\"><img loading=\"lazy\" decoding=\"async\" class=\"alignnone size-w1000 wp-image-12186\" src=\"https:\/\/78.46.122.165\/content\/uploads\/2016\/03\/Foto-19.03.16-11-54-43-1000x750.jpg\" alt=\"Foto 19.03.16, 11 54 43\" width=\"1000\" height=\"750\" srcset=\"https:\/\/www.foodtastic.at\/content\/uploads\/2016\/03\/Foto-19.03.16-11-54-43-1000x750.jpg 1000w, https:\/\/www.foodtastic.at\/content\/uploads\/2016\/03\/Foto-19.03.16-11-54-43-300x225.jpg 300w, https:\/\/www.foodtastic.at\/content\/uploads\/2016\/03\/Foto-19.03.16-11-54-43-768x576.jpg 768w, https:\/\/www.foodtastic.at\/content\/uploads\/2016\/03\/Foto-19.03.16-11-54-43-1024x768.jpg 1024w, https:\/\/www.foodtastic.at\/content\/uploads\/2016\/03\/Foto-19.03.16-11-54-43-2000x1500.jpg 2000w, https:\/\/www.foodtastic.at\/content\/uploads\/2016\/03\/Foto-19.03.16-11-54-43-1500x1125.jpg 1500w, https:\/\/www.foodtastic.at\/content\/uploads\/2016\/03\/Foto-19.03.16-11-54-43-500x375.jpg 500w\" sizes=\"(max-width: 1000px) 100vw, 1000px\" \/><\/a><\/p>\n<p>Die Kitzsteinhorn Gipfelstation auf 3.029 Meter Seeh\u00f6he ist der h\u00f6chste, bequem erreichbare Punkt im Salzburger Land. Das <strong>Via Culinaria Gipfel Restaurant<\/strong>, das <strong>I<\/strong><strong>ce Camp <\/strong>\u2013 eine spektakul\u00e4re Iglulandschaft \u2013 und immer wieder die Aussicht sind mehr als spektakul\u00e4r: Von <strong>zwei Panorama-Plattformen <\/strong>hat man atemberaubende Sichten ins Tal von Kaprun, den Zeller See und auf 30 Dreitausender. Vor allem hat man hier Ausblick auf den gr\u00f6\u00dften Berg \u00d6sterreichs \u2013 dem Gro\u00dfglockner. Das h\u00f6chstgelegene Kino der Alpen, das <strong>Cinema 3000<\/strong>, zeigt einen Cannes-pr\u00e4mierten Film mit den sch\u00f6nsten Impressionen vom Kitzsteinhorn. Und weitere au\u00dfergew\u00f6hnliche Ein- und Ausblicke in den Nationalpark Hohe Tauern gibt der magisch-mystische Weg der Nationalpark Gallery durch einen 360m langen Stollen.<\/p>\n<p><a href=\"https:\/\/78.46.122.165\/content\/uploads\/2016\/03\/Foto-19.03.16-13-11-07.jpg\"><img loading=\"lazy\" decoding=\"async\" class=\"alignnone wp-image-12190 size-large\" src=\"https:\/\/78.46.122.165\/content\/uploads\/2016\/03\/Foto-19.03.16-13-11-07-e1459262303882-662x662.jpg\" alt=\"Foto 19.03.16, 13 11 07\" width=\"662\" height=\"662\" \/><\/a><\/p>\n<p><a href=\"https:\/\/78.46.122.165\/content\/uploads\/2016\/03\/DSC00918.jpg\"><img loading=\"lazy\" decoding=\"async\" class=\"alignnone wp-image-12226 size-large\" src=\"https:\/\/78.46.122.165\/content\/uploads\/2016\/03\/DSC00918-e1459261671829-662x993.jpg\" alt=\"DSC00918\" width=\"662\" height=\"993\" \/><\/a><\/p>\n<h4><strong><em>G\u00e4nge-Men\u00fc im Erlhof Thumersbach<\/em><\/strong><\/h4>\n<p><em>Nach einem sportlichen und ereignisreichen Sonnentag in der Gletscherwelt kr\u00f6nte die Einladung in den <strong>traditionsreichen Erlhof in Thumersbach <\/strong>unseren Tag. Der Erlhof wurde im Jahr 1137 zum ersten Mal urkundlich erw\u00e4hnt. Heute ist er im Besitz der Familie von Dr. Hans Michael Pi<\/em>\u00eb<em>ch und wird seit 2002 als famili\u00e4r gef\u00fchrtes Landhotel von der Familie Br\u00fcggler betrieben. Josef Br\u00fcggler ist Anh\u00e4nger einer feinen bodenst\u00e4ndigen K\u00fcche und bevorzugt regionale Produkte. Die mit zwei Hauben gekr\u00f6nte K\u00fcche wurde von verschiedenen Fachjournalisten mehrfach ausgezeichnet. Der versprochene Hochgenuss bewahrheitete sich vom Ambiente \u00fcber das feine G\u00e4nge-Men\u00fc bis zum Wein:<\/em><\/p>\n<h4><em>Ein Highlight des G\u00e4nge Men\u00fcs waren die Salzburger Nockerl. <\/em><\/h4>\n<p>Die idealen\u00a0<strong>Salzburger Nockerln<\/strong>\u00a0m\u00fcssen aussehen wie ein Salzburger Gebirge zu Winterbeginn: leicht \u201cangezuckert\u201d, aber keineswegs verschneit. Die 3 Nockerln stellen die Salzburger Berge \u201cGaisberg\u201d, \u201cM\u00f6nchsberg\u201d und \u201cNonnberg\u201d dar. Die Salzburger Nockerln sollen erstmals f\u00fcr den Salzburger F\u00fcrsterzbischof Wolf Dietrich von Raitenau zubereitet worden sein. Dieser bedankte sich damals mit dem prachtvollen Bau des Lustschlosses Mirabell in Salzburg.<\/p>\n<p><a href=\"https:\/\/78.46.122.165\/content\/uploads\/2016\/03\/Salzburger-Nockerl.jpg\"><img loading=\"lazy\" decoding=\"async\" class=\"alignnone size-w1000 wp-image-12210\" src=\"https:\/\/78.46.122.165\/content\/uploads\/2016\/03\/Salzburger-Nockerl-1000x669.jpg\" alt=\"Salzburger Nockerl\" width=\"1000\" height=\"669\" srcset=\"https:\/\/www.foodtastic.at\/content\/uploads\/2016\/03\/Salzburger-Nockerl-1000x669.jpg 1000w, https:\/\/www.foodtastic.at\/content\/uploads\/2016\/03\/Salzburger-Nockerl-300x201.jpg 300w, https:\/\/www.foodtastic.at\/content\/uploads\/2016\/03\/Salzburger-Nockerl-768x514.jpg 768w, https:\/\/www.foodtastic.at\/content\/uploads\/2016\/03\/Salzburger-Nockerl-1024x685.jpg 1024w, https:\/\/www.foodtastic.at\/content\/uploads\/2016\/03\/Salzburger-Nockerl-2000x1339.jpg 2000w, https:\/\/www.foodtastic.at\/content\/uploads\/2016\/03\/Salzburger-Nockerl-1500x1004.jpg 1500w, https:\/\/www.foodtastic.at\/content\/uploads\/2016\/03\/Salzburger-Nockerl-500x335.jpg 500w\" sizes=\"(max-width: 1000px) 100vw, 1000px\" \/><\/a><\/p>\n<h3><strong>Vierter Tag, Skitour und Wildtierf\u00fctterung<\/strong><\/h3>\n<p>Noch einmal verlockte das wundersch\u00f6ne Wetter am Sonntag. Wir brachen mit unserem Guide Heli Schneider zu einer Skitour auf auf neu belebten Ronachkop. Die Temperaturen stiegen schnell an, sodass wir im steilen Gel\u00e4nde geh\u00f6rig ins Schwitzen kamen.<\/p>\n<p>Sp\u00e4ter ging es zur Brettljause in die Enzianh\u00fctte auf 1.300 Meter Seeh\u00f6he. Bei einem z\u00fcnftigen Jause und hei\u00dfem Getr\u00e4nk genossen wir die wundersch\u00f6ne Aussicht auf die Schmittenh\u00f6he und die Hohen Tauern.<\/p>\n<p>Ein beeindruckendes Naturscauspiel hielt der abschlie\u00dfende Programmpunkt in Zell am See-Kaprun bereit. Beim Besuch im Wildtierpark auf 1500 m konnten wir bei der Schauf\u00fctterung durch ein Panzerglas majest\u00e4tischer Rothirsche, Rehe und die stolzen Mufflons beobachten.<\/p>\n<p><a href=\"https:\/\/78.46.122.165\/content\/uploads\/2016\/03\/Foto-20.03.16-09-22-21.jpg\"><img loading=\"lazy\" decoding=\"async\" class=\"alignnone wp-image-12204 size-large\" src=\"https:\/\/78.46.122.165\/content\/uploads\/2016\/03\/Foto-20.03.16-09-22-21-e1459261951217-662x883.jpg\" alt=\"Foto 20.03.16, 09 22 21\" width=\"662\" height=\"883\" \/><\/a><\/p>\n<p><a href=\"https:\/\/78.46.122.165\/content\/uploads\/2016\/03\/Foto-20.03.16-10-23-27-e1459261975772.jpg\"><img loading=\"lazy\" decoding=\"async\" class=\"alignnone size-large wp-image-12206\" src=\"https:\/\/78.46.122.165\/content\/uploads\/2016\/03\/Foto-20.03.16-10-23-27-e1459261975772-662x883.jpg\" alt=\"Foto 20.03.16, 10 23 27\" width=\"662\" height=\"883\" \/><\/a><\/p>\n<p><a href=\"https:\/\/78.46.122.165\/content\/uploads\/2016\/03\/Foto-20.03.16-14-26-35.jpg\"><img loading=\"lazy\" decoding=\"async\" class=\"alignnone size-w1000 wp-image-12208\" src=\"https:\/\/78.46.122.165\/content\/uploads\/2016\/03\/Foto-20.03.16-14-26-35-1000x750.jpg\" alt=\"Foto 20.03.16, 14 26 35\" width=\"1000\" height=\"750\" srcset=\"https:\/\/www.foodtastic.at\/content\/uploads\/2016\/03\/Foto-20.03.16-14-26-35-1000x750.jpg 1000w, https:\/\/www.foodtastic.at\/content\/uploads\/2016\/03\/Foto-20.03.16-14-26-35-300x225.jpg 300w, https:\/\/www.foodtastic.at\/content\/uploads\/2016\/03\/Foto-20.03.16-14-26-35-768x576.jpg 768w, https:\/\/www.foodtastic.at\/content\/uploads\/2016\/03\/Foto-20.03.16-14-26-35-1024x768.jpg 1024w, https:\/\/www.foodtastic.at\/content\/uploads\/2016\/03\/Foto-20.03.16-14-26-35-2000x1500.jpg 2000w, https:\/\/www.foodtastic.at\/content\/uploads\/2016\/03\/Foto-20.03.16-14-26-35-1500x1125.jpg 1500w, https:\/\/www.foodtastic.at\/content\/uploads\/2016\/03\/Foto-20.03.16-14-26-35-500x375.jpg 500w\" sizes=\"(max-width: 1000px) 100vw, 1000px\" \/><\/a><\/p>\n","protected":false},"excerpt":{"rendered":"<p>Durchatmen. Genie\u00dfen. Ein grenzenloses Freiheitsgef\u00fchl, das sich in meinem K\u00f6rper breitmacht. Dazu dieses fantastische Panorama, die frische k\u00fchle Luft und die Sonnenstrahlen. Das Salzburger Land hat mich vergangenes Wochenende nach Zell am See und Kaprun eingeladen. Das \u00fcber 3000 m hohe Kitzsteinhorn und die traumhafte Kulisse des Zeller Sees haben mich unheimlich beeindruckt. Begleitet wurden die traumhaften Tage in Salzburg von k\u00f6stlichen Schmankerln auf Skih\u00fctten und ein k\u00f6stliches G\u00e4nge-Men\u00fc im 2-Hauben-Restaurant Erlhof.<\/p>\n","protected":false},"author":2,"featured_media":12278,"comment_status":"open","ping_status":"open","sticky":false,"template":"","format":"standard","meta":{"footnotes":""},"categories":[841,754,755],"tags":[1334,1335,1208,1336,1172,1337,1338,1339,1340,1341,1213],"ingredient":[],"class_list":["post-12249","post","type-post","status-publish","format-standard","has-post-thumbnail","hentry","category-food-and-travel-en","category-recipes","category-sweets","tag-erlhof-en","tag-gletscher-en","tag-kaprun-en","tag-kitzsteinhorn-en","tag-salzburg-en","tag-salzburger-land-en","tag-salzburger-nockerl-en","tag-skifahren-en","tag-snowboarden-en","tag-touren-en","tag-zell-am-see-en"],"yoast_head":"<!-- This site is optimized with the Yoast SEO plugin v25.3.1 - https:\/\/yoast.com\/wordpress\/plugins\/seo\/ -->\n<title>Salzburger Nockerln und Fr\u00fchjahrsgletscherskilauf - Foodtastic<\/title>\n<meta name=\"description\" content=\"Das Salzburger Land hat so einiges zu bieten. Tolle Abh\u00e4nge auf der Schmittenh\u00f6he und auf dem Kitzsteinhorn und k\u00f6stliches Essen.\" \/>\n<meta name=\"robots\" content=\"index, follow, max-snippet:-1, max-image-preview:large, max-video-preview:-1\" \/>\n<link rel=\"canonical\" href=\"https:\/\/www.foodtastic.at\/en\/2016\/03\/29\/salzburger-nockerln-und-fruehjahrsgletscherskilauf\/\" \/>\n<meta property=\"og:locale\" content=\"en_US\" \/>\n<meta property=\"og:type\" content=\"article\" \/>\n<meta property=\"og:title\" content=\"Salzburger Nockerln und Fr\u00fchjahrsgletscherskilauf - Foodtastic\" \/>\n<meta property=\"og:description\" content=\"Das Salzburger Land hat so einiges zu bieten. Tolle Abh\u00e4nge auf der Schmittenh\u00f6he und auf dem Kitzsteinhorn und k\u00f6stliches Essen.\" \/>\n<meta property=\"og:url\" content=\"https:\/\/www.foodtastic.at\/en\/2016\/03\/29\/salzburger-nockerln-und-fruehjahrsgletscherskilauf\/\" \/>\n<meta property=\"og:site_name\" content=\"Foodtastic\" \/>\n<meta property=\"article:published_time\" content=\"2016-03-29T14:40:25+00:00\" \/>\n<meta property=\"og:image\" content=\"https:\/\/www.foodtastic.at\/content\/uploads\/2016\/03\/Coverbild-Salzburger-Land.jpg\" \/>\n\t<meta property=\"og:image:width\" content=\"3024\" \/>\n\t<meta property=\"og:image:height\" content=\"4032\" \/>\n\t<meta property=\"og:image:type\" content=\"image\/jpeg\" \/>\n<meta name=\"author\" content=\"Eva Fischer\" \/>\n<meta name=\"twitter:label1\" content=\"Written by\" \/>\n\t<meta name=\"twitter:data1\" content=\"Eva Fischer\" \/>\n\t<meta name=\"twitter:label2\" content=\"Est. reading time\" \/>\n\t<meta name=\"twitter:data2\" content=\"8 minutes\" \/>\n<script type=\"application\/ld+json\" class=\"yoast-schema-graph\">{\"@context\":\"https:\/\/schema.org\",\"@graph\":[{\"@type\":\"WebPage\",\"@id\":\"https:\/\/www.foodtastic.at\/en\/2016\/03\/29\/salzburger-nockerln-und-fruehjahrsgletscherskilauf\/\",\"url\":\"https:\/\/www.foodtastic.at\/en\/2016\/03\/29\/salzburger-nockerln-und-fruehjahrsgletscherskilauf\/\",\"name\":\"Salzburger Nockerln und Fr\u00fchjahrsgletscherskilauf - Foodtastic\",\"isPartOf\":{\"@id\":\"https:\/\/foodtastic.at\/#website\"},\"primaryImageOfPage\":{\"@id\":\"https:\/\/www.foodtastic.at\/en\/2016\/03\/29\/salzburger-nockerln-und-fruehjahrsgletscherskilauf\/#primaryimage\"},\"image\":{\"@id\":\"https:\/\/www.foodtastic.at\/en\/2016\/03\/29\/salzburger-nockerln-und-fruehjahrsgletscherskilauf\/#primaryimage\"},\"thumbnailUrl\":\"https:\/\/www.foodtastic.at\/content\/uploads\/2016\/03\/Coverbild-Salzburger-Land.jpg\",\"datePublished\":\"2016-03-29T14:40:25+00:00\",\"author\":{\"@id\":\"https:\/\/foodtastic.at\/#\/schema\/person\/236cc6fc2715dd91e8a168f03acd8f2e\"},\"description\":\"Das Salzburger Land hat so einiges zu bieten. Tolle Abh\u00e4nge auf der Schmittenh\u00f6he und auf dem Kitzsteinhorn und k\u00f6stliches Essen.\",\"breadcrumb\":{\"@id\":\"https:\/\/www.foodtastic.at\/en\/2016\/03\/29\/salzburger-nockerln-und-fruehjahrsgletscherskilauf\/#breadcrumb\"},\"inLanguage\":\"en-US\",\"potentialAction\":[{\"@type\":\"ReadAction\",\"target\":[\"https:\/\/www.foodtastic.at\/en\/2016\/03\/29\/salzburger-nockerln-und-fruehjahrsgletscherskilauf\/\"]}]},{\"@type\":\"ImageObject\",\"inLanguage\":\"en-US\",\"@id\":\"https:\/\/www.foodtastic.at\/en\/2016\/03\/29\/salzburger-nockerln-und-fruehjahrsgletscherskilauf\/#primaryimage\",\"url\":\"https:\/\/www.foodtastic.at\/content\/uploads\/2016\/03\/Coverbild-Salzburger-Land.jpg\",\"contentUrl\":\"https:\/\/www.foodtastic.at\/content\/uploads\/2016\/03\/Coverbild-Salzburger-Land.jpg\",\"width\":3024,\"height\":4032},{\"@type\":\"BreadcrumbList\",\"@id\":\"https:\/\/www.foodtastic.at\/en\/2016\/03\/29\/salzburger-nockerln-und-fruehjahrsgletscherskilauf\/#breadcrumb\",\"itemListElement\":[{\"@type\":\"ListItem\",\"position\":1,\"name\":\"Home\",\"item\":\"https:\/\/www.foodtastic.at\/en\/\"},{\"@type\":\"ListItem\",\"position\":2,\"name\":\"Salzburger Nockerln und Fr\u00fchjahrsgletscherskilauf\"}]},{\"@type\":\"WebSite\",\"@id\":\"https:\/\/foodtastic.at\/#website\",\"url\":\"https:\/\/foodtastic.at\/\",\"name\":\"Foodtastic\",\"description\":\"Foodtastic\",\"potentialAction\":[{\"@type\":\"SearchAction\",\"target\":{\"@type\":\"EntryPoint\",\"urlTemplate\":\"https:\/\/foodtastic.at\/?s={search_term_string}\"},\"query-input\":{\"@type\":\"PropertyValueSpecification\",\"valueRequired\":true,\"valueName\":\"search_term_string\"}}],\"inLanguage\":\"en-US\"},{\"@type\":\"Person\",\"@id\":\"https:\/\/foodtastic.at\/#\/schema\/person\/236cc6fc2715dd91e8a168f03acd8f2e\",\"name\":\"Eva Fischer\",\"image\":{\"@type\":\"ImageObject\",\"inLanguage\":\"en-US\",\"@id\":\"https:\/\/foodtastic.at\/#\/schema\/person\/image\/\",\"url\":\"https:\/\/secure.gravatar.com\/avatar\/4ca2586764ed355e8db767a3d352a088?s=96&d=mm&r=g\",\"contentUrl\":\"https:\/\/secure.gravatar.com\/avatar\/4ca2586764ed355e8db767a3d352a088?s=96&d=mm&r=g\",\"caption\":\"Eva Fischer\"},\"sameAs\":[\"https:\/\/78.46.122.165\"],\"url\":\"https:\/\/www.foodtastic.at\/en\/author\/eva\/\"}]}<\/script>\n<!-- \/ Yoast SEO plugin. -->","yoast_head_json":{"title":"Salzburger Nockerln und Fr\u00fchjahrsgletscherskilauf - Foodtastic","description":"Das Salzburger Land hat so einiges zu bieten. Tolle Abh\u00e4nge auf der Schmittenh\u00f6he und auf dem Kitzsteinhorn und k\u00f6stliches Essen.","robots":{"index":"index","follow":"follow","max-snippet":"max-snippet:-1","max-image-preview":"max-image-preview:large","max-video-preview":"max-video-preview:-1"},"canonical":"https:\/\/www.foodtastic.at\/en\/2016\/03\/29\/salzburger-nockerln-und-fruehjahrsgletscherskilauf\/","og_locale":"en_US","og_type":"article","og_title":"Salzburger Nockerln und Fr\u00fchjahrsgletscherskilauf - Foodtastic","og_description":"Das Salzburger Land hat so einiges zu bieten. Tolle Abh\u00e4nge auf der Schmittenh\u00f6he und auf dem Kitzsteinhorn und k\u00f6stliches Essen.","og_url":"https:\/\/www.foodtastic.at\/en\/2016\/03\/29\/salzburger-nockerln-und-fruehjahrsgletscherskilauf\/","og_site_name":"Foodtastic","article_published_time":"2016-03-29T14:40:25+00:00","og_image":[{"width":3024,"height":4032,"url":"https:\/\/www.foodtastic.at\/content\/uploads\/2016\/03\/Coverbild-Salzburger-Land.jpg","type":"image\/jpeg"}],"author":"Eva Fischer","twitter_misc":{"Written by":"Eva Fischer","Est. reading time":"8 minutes"},"schema":{"@context":"https:\/\/schema.org","@graph":[{"@type":"WebPage","@id":"https:\/\/www.foodtastic.at\/en\/2016\/03\/29\/salzburger-nockerln-und-fruehjahrsgletscherskilauf\/","url":"https:\/\/www.foodtastic.at\/en\/2016\/03\/29\/salzburger-nockerln-und-fruehjahrsgletscherskilauf\/","name":"Salzburger Nockerln und Fr\u00fchjahrsgletscherskilauf - Foodtastic","isPartOf":{"@id":"https:\/\/foodtastic.at\/#website"},"primaryImageOfPage":{"@id":"https:\/\/www.foodtastic.at\/en\/2016\/03\/29\/salzburger-nockerln-und-fruehjahrsgletscherskilauf\/#primaryimage"},"image":{"@id":"https:\/\/www.foodtastic.at\/en\/2016\/03\/29\/salzburger-nockerln-und-fruehjahrsgletscherskilauf\/#primaryimage"},"thumbnailUrl":"https:\/\/www.foodtastic.at\/content\/uploads\/2016\/03\/Coverbild-Salzburger-Land.jpg","datePublished":"2016-03-29T14:40:25+00:00","author":{"@id":"https:\/\/foodtastic.at\/#\/schema\/person\/236cc6fc2715dd91e8a168f03acd8f2e"},"description":"Das Salzburger Land hat so einiges zu bieten. Tolle Abh\u00e4nge auf der Schmittenh\u00f6he und auf dem Kitzsteinhorn und k\u00f6stliches Essen.","breadcrumb":{"@id":"https:\/\/www.foodtastic.at\/en\/2016\/03\/29\/salzburger-nockerln-und-fruehjahrsgletscherskilauf\/#breadcrumb"},"inLanguage":"en-US","potentialAction":[{"@type":"ReadAction","target":["https:\/\/www.foodtastic.at\/en\/2016\/03\/29\/salzburger-nockerln-und-fruehjahrsgletscherskilauf\/"]}]},{"@type":"ImageObject","inLanguage":"en-US","@id":"https:\/\/www.foodtastic.at\/en\/2016\/03\/29\/salzburger-nockerln-und-fruehjahrsgletscherskilauf\/#primaryimage","url":"https:\/\/www.foodtastic.at\/content\/uploads\/2016\/03\/Coverbild-Salzburger-Land.jpg","contentUrl":"https:\/\/www.foodtastic.at\/content\/uploads\/2016\/03\/Coverbild-Salzburger-Land.jpg","width":3024,"height":4032},{"@type":"BreadcrumbList","@id":"https:\/\/www.foodtastic.at\/en\/2016\/03\/29\/salzburger-nockerln-und-fruehjahrsgletscherskilauf\/#breadcrumb","itemListElement":[{"@type":"ListItem","position":1,"name":"Home","item":"https:\/\/www.foodtastic.at\/en\/"},{"@type":"ListItem","position":2,"name":"Salzburger Nockerln und Fr\u00fchjahrsgletscherskilauf"}]},{"@type":"WebSite","@id":"https:\/\/foodtastic.at\/#website","url":"https:\/\/foodtastic.at\/","name":"Foodtastic","description":"Foodtastic","potentialAction":[{"@type":"SearchAction","target":{"@type":"EntryPoint","urlTemplate":"https:\/\/foodtastic.at\/?s={search_term_string}"},"query-input":{"@type":"PropertyValueSpecification","valueRequired":true,"valueName":"search_term_string"}}],"inLanguage":"en-US"},{"@type":"Person","@id":"https:\/\/foodtastic.at\/#\/schema\/person\/236cc6fc2715dd91e8a168f03acd8f2e","name":"Eva Fischer","image":{"@type":"ImageObject","inLanguage":"en-US","@id":"https:\/\/foodtastic.at\/#\/schema\/person\/image\/","url":"https:\/\/secure.gravatar.com\/avatar\/4ca2586764ed355e8db767a3d352a088?s=96&d=mm&r=g","contentUrl":"https:\/\/secure.gravatar.com\/avatar\/4ca2586764ed355e8db767a3d352a088?s=96&d=mm&r=g","caption":"Eva Fischer"},"sameAs":["https:\/\/78.46.122.165"],"url":"https:\/\/www.foodtastic.at\/en\/author\/eva\/"}]}},"_links":{"self":[{"href":"https:\/\/www.foodtastic.at\/en\/wp-json\/wp\/v2\/posts\/12249"}],"collection":[{"href":"https:\/\/www.foodtastic.at\/en\/wp-json\/wp\/v2\/posts"}],"about":[{"href":"https:\/\/www.foodtastic.at\/en\/wp-json\/wp\/v2\/types\/post"}],"author":[{"embeddable":true,"href":"https:\/\/www.foodtastic.at\/en\/wp-json\/wp\/v2\/users\/2"}],"replies":[{"embeddable":true,"href":"https:\/\/www.foodtastic.at\/en\/wp-json\/wp\/v2\/comments?post=12249"}],"version-history":[{"count":0,"href":"https:\/\/www.foodtastic.at\/en\/wp-json\/wp\/v2\/posts\/12249\/revisions"}],"wp:featuredmedia":[{"embeddable":true,"href":"https:\/\/www.foodtastic.at\/en\/wp-json\/wp\/v2\/media\/12278"}],"wp:attachment":[{"href":"https:\/\/www.foodtastic.at\/en\/wp-json\/wp\/v2\/media?parent=12249"}],"wp:term":[{"taxonomy":"category","embeddable":true,"href":"https:\/\/www.foodtastic.at\/en\/wp-json\/wp\/v2\/categories?post=12249"},{"taxonomy":"post_tag","embeddable":true,"href":"https:\/\/www.foodtastic.at\/en\/wp-json\/wp\/v2\/tags?post=12249"},{"taxonomy":"ingredient","embeddable":true,"href":"https:\/\/www.foodtastic.at\/en\/wp-json\/wp\/v2\/ingredient?post=12249"}],"curies":[{"name":"wp","href":"https:\/\/api.w.org\/{rel}","templated":true}]}}