{"id":10189,"date":"2014-10-25T07:00:02","date_gmt":"2014-10-25T06:00:02","guid":{"rendered":"http:\/\/78.46.122.165\/2014\/10\/25\/mohnkuchen-mit-apfeln\/?lang=en"},"modified":"2016-02-10T21:17:13","modified_gmt":"2016-02-10T20:17:13","slug":"mohnkuchen-mit-apfeln","status":"publish","type":"post","link":"https:\/\/www.foodtastic.at\/en\/2014\/10\/25\/mohnkuchen-mit-apfeln\/","title":{"rendered":"Poppyseed and Apple Cake"},"content":{"rendered":"<p>Poppy, poppy, oh how I love thee! Autumn and wintertime is\u00a0poppyseed dessert time.\u00a0Popular not just in my house, Austrian Germkn\u00f6del (a type of yeast dumpling filled with poppyseed cream), poppyseed pastries, cakes, strudels, even ice cream, are everywhere. One of my latest discoveries: poppyseed yoghurt by Ja!Nat\u00fcrlich. I can't believe it and have to have it!<\/p>\n<p>I like to indulge in\u00a0my baking obsession on weekends, so I didn't have to think long about what my recipe pick for\u00a0<a href=\"https:\/\/freizeit.at\/4314\/foodblog-der-woche-foodtastic-at\/93.084.645\">Freizeit-Kurier<\/a>\u00a0was going to be: poppyseed and apple cake\u00a0\u2013 perfect for a cozy Sunday afternoon! This cake also turned out to be the ideal \"model\" for\u00a0my recent food photography session and was eaten whole immediately after having its picture taken, beautifully arranged and decorated.<\/p>\n<p><!--more--><\/p>\n<p>Neulich fragten mich Bekannte, ob ich nicht mal einen eigenen Food Photograph Workshop machen k\u00f6nnte. Warum nicht, dachte ich mir, und stellte dazu eine umfassende Pr\u00e4sentation zusammen. Eingangs wurden zuerst einmal die ganzen Fotografie-Basics erkl\u00e4rt \u2013 von Brennweite, \u00fcber Blende und Tiefensch\u00e4rfe bis hin zu Licht, Reflektor &amp; Co. Im zweiten Teil der Pr\u00e4sentation ging es um das Food Styling \u2013 um Komposition, Storytelling, Gestaltungsm\u00f6glichkeiten usw. Danach wurde mal intensiv ge\u00fcbt\u2026<\/p>\n<p>In meiner kleinen Runde waren die zwei Karins besonders motiviert. Die eine der beiden hat selbst den Food Blog <a href=\"https:\/\/www.geschmacksmomente.com\/\"><em>Geschmacksmomente<\/em><\/a> gestartet und darin auch gleich von diesem Nachmittag bei mir berichtet. \u00dcber ihren begeisterten<a href=\"https:\/\/www.geschmacksmomente.com\/its-foodtastic-mein-erster-foodphotography-workshop\/\"> Report<\/a> habe ich mich riesig gefreut.<\/p>\n<p>Wie gesagt, die Karins gingen gleich voll ins Thema und widmeten sich sofort dem Staubzucker: N\u00e4mlich, wie man diesen wie fein rieselnden Schnee \u2013 passt jetzt grad gut zum Wetter \u2013 in Szene setzt. Fotografisch eine absolute Herausforderung!<\/p>\n<p>Ein gro\u00dfes Anliegen war auch, sich den Fotos von <em>What Katie ate<\/em> (f\u00fcr mich die australische Food Blog K\u00f6nigin) zu n\u00e4hern, was ja wirklich nicht leicht ist. \u2013 Ich vermute aber, dass Katie durchaus sehr viel mit Photoshop arbeitet. Unsere Resultate lie\u00dfen sich aber mehr als sehen. Ich war wirklich begeistert und freu mich immer noch dr\u00fcber.<\/p>\n<p>Hier die Fotos von Karin, die im Zuge des Kurses bei mir entstanden sind. Wirklich toll muss ich sagen!<\/p>\n<p><a href=\"https:\/\/78.46.122.165\/content\/uploads\/2014\/10\/Karin-St\u00f6ttinger-Food-Foto.jpg\"><img loading=\"lazy\" decoding=\"async\" class=\"alignnone size-w1000 wp-image-3574\" src=\"https:\/\/78.46.122.165\/content\/uploads\/2014\/10\/Karin-St\u00f6ttinger-Food-Foto-1000x1407.jpg\" alt=\"Karin St\u00f6ttinger Food Foto\" width=\"1000\" height=\"1407\" srcset=\"https:\/\/www.foodtastic.at\/content\/uploads\/2014\/10\/Karin-St\u00f6ttinger-Food-Foto-1000x1407.jpg 1000w, https:\/\/www.foodtastic.at\/content\/uploads\/2014\/10\/Karin-St\u00f6ttinger-Food-Foto-213x300.jpg 213w, https:\/\/www.foodtastic.at\/content\/uploads\/2014\/10\/Karin-St\u00f6ttinger-Food-Foto-768x1081.jpg 768w, https:\/\/www.foodtastic.at\/content\/uploads\/2014\/10\/Karin-St\u00f6ttinger-Food-Foto-728x1024.jpg 728w, https:\/\/www.foodtastic.at\/content\/uploads\/2014\/10\/Karin-St\u00f6ttinger-Food-Foto-2000x2815.jpg 2000w, https:\/\/www.foodtastic.at\/content\/uploads\/2014\/10\/Karin-St\u00f6ttinger-Food-Foto-1500x2111.jpg 1500w, https:\/\/www.foodtastic.at\/content\/uploads\/2014\/10\/Karin-St\u00f6ttinger-Food-Foto-500x704.jpg 500w\" sizes=\"(max-width: 1000px) 100vw, 1000px\" \/><\/a><\/p>\n<p><span style=\"color: #545454;\">\u00a9 Karin St\u00f6ttinger \/\u00a0https:\/\/www.geschmacksmomente.com\/<\/span><\/p>\n<p><a href=\"https:\/\/78.46.122.165\/content\/uploads\/2014\/10\/Karin-St\u00f6ttinger-Food-Photo2.jpg\"><img loading=\"lazy\" decoding=\"async\" class=\"alignnone size-w1000 wp-image-3577\" src=\"https:\/\/78.46.122.165\/content\/uploads\/2014\/10\/Karin-St\u00f6ttinger-Food-Photo2-1000x1377.jpg\" alt=\"Karin St\u00f6ttinger Food Photo2\" width=\"1000\" height=\"1377\" srcset=\"https:\/\/www.foodtastic.at\/content\/uploads\/2014\/10\/Karin-St\u00f6ttinger-Food-Photo2-1000x1377.jpg 1000w, https:\/\/www.foodtastic.at\/content\/uploads\/2014\/10\/Karin-St\u00f6ttinger-Food-Photo2-218x300.jpg 218w, https:\/\/www.foodtastic.at\/content\/uploads\/2014\/10\/Karin-St\u00f6ttinger-Food-Photo2-768x1058.jpg 768w, https:\/\/www.foodtastic.at\/content\/uploads\/2014\/10\/Karin-St\u00f6ttinger-Food-Photo2-743x1024.jpg 743w, https:\/\/www.foodtastic.at\/content\/uploads\/2014\/10\/Karin-St\u00f6ttinger-Food-Photo2-2000x2755.jpg 2000w, https:\/\/www.foodtastic.at\/content\/uploads\/2014\/10\/Karin-St\u00f6ttinger-Food-Photo2-1500x2066.jpg 1500w, https:\/\/www.foodtastic.at\/content\/uploads\/2014\/10\/Karin-St\u00f6ttinger-Food-Photo2-500x689.jpg 500w\" sizes=\"(max-width: 1000px) 100vw, 1000px\" \/><\/a><\/p>\n<p><span style=\"color: #545454;\">\u00a9 Karin St\u00f6ttinger \/\u00a0https:\/\/www.geschmacksmomente.com\/<\/span><\/p>\n<p><a href=\"https:\/\/78.46.122.165\/content\/uploads\/2014\/10\/Karin-St\u00f6ttiger-Food-Photo3.jpg\"><img loading=\"lazy\" decoding=\"async\" class=\"alignnone size-w1000 wp-image-3573\" src=\"https:\/\/78.46.122.165\/content\/uploads\/2014\/10\/Karin-St\u00f6ttiger-Food-Photo3-1000x753.jpg\" alt=\"Karin St\u00f6ttiger Food Photo3\" width=\"1000\" height=\"753\" srcset=\"https:\/\/www.foodtastic.at\/content\/uploads\/2014\/10\/Karin-St\u00f6ttiger-Food-Photo3-1000x753.jpg 1000w, https:\/\/www.foodtastic.at\/content\/uploads\/2014\/10\/Karin-St\u00f6ttiger-Food-Photo3-300x226.jpg 300w, https:\/\/www.foodtastic.at\/content\/uploads\/2014\/10\/Karin-St\u00f6ttiger-Food-Photo3-768x579.jpg 768w, https:\/\/www.foodtastic.at\/content\/uploads\/2014\/10\/Karin-St\u00f6ttiger-Food-Photo3-1024x771.jpg 1024w, https:\/\/www.foodtastic.at\/content\/uploads\/2014\/10\/Karin-St\u00f6ttiger-Food-Photo3-2000x1507.jpg 2000w, https:\/\/www.foodtastic.at\/content\/uploads\/2014\/10\/Karin-St\u00f6ttiger-Food-Photo3-1500x1130.jpg 1500w, https:\/\/www.foodtastic.at\/content\/uploads\/2014\/10\/Karin-St\u00f6ttiger-Food-Photo3-500x377.jpg 500w\" sizes=\"(max-width: 1000px) 100vw, 1000px\" \/><\/a><\/p>\n<p><span style=\"color: #545454;\">\u00a9 Karin St\u00f6ttinger \/\u00a0https:\/\/www.geschmacksmomente.com\/<\/span><\/p>\n<p><a href=\"https:\/\/78.46.122.165\/content\/uploads\/2014\/10\/Karin-St\u00f6ttinger-Food-Photo1.jpg\"><img loading=\"lazy\" decoding=\"async\" class=\"alignnone size-w1000 wp-image-3575\" src=\"https:\/\/78.46.122.165\/content\/uploads\/2014\/10\/Karin-St\u00f6ttinger-Food-Photo1-1000x1370.jpg\" alt=\"Karin St\u00f6ttinger Food Photo1\" width=\"1000\" height=\"1370\" srcset=\"https:\/\/www.foodtastic.at\/content\/uploads\/2014\/10\/Karin-St\u00f6ttinger-Food-Photo1-1000x1370.jpg 1000w, https:\/\/www.foodtastic.at\/content\/uploads\/2014\/10\/Karin-St\u00f6ttinger-Food-Photo1-219x300.jpg 219w, https:\/\/www.foodtastic.at\/content\/uploads\/2014\/10\/Karin-St\u00f6ttinger-Food-Photo1-768x1052.jpg 768w, https:\/\/www.foodtastic.at\/content\/uploads\/2014\/10\/Karin-St\u00f6ttinger-Food-Photo1-747x1024.jpg 747w, https:\/\/www.foodtastic.at\/content\/uploads\/2014\/10\/Karin-St\u00f6ttinger-Food-Photo1-2000x2741.jpg 2000w, https:\/\/www.foodtastic.at\/content\/uploads\/2014\/10\/Karin-St\u00f6ttinger-Food-Photo1-1500x2056.jpg 1500w, https:\/\/www.foodtastic.at\/content\/uploads\/2014\/10\/Karin-St\u00f6ttinger-Food-Photo1-500x685.jpg 500w\" sizes=\"(max-width: 1000px) 100vw, 1000px\" \/><\/a><\/p>\n<p><span style=\"color: #545454;\">\u00a9 Karin St\u00f6ttinger \/\u00a0https:\/\/www.geschmacksmomente.com\/<\/span><\/p>\n<p>Nach dem Shooting machten wir uns nat\u00fcrlich \u00fcber das Objekt der Begierde her \u2013 mit Kaffee und viel Gespr\u00e4chsmaterial rund um Kamera, Shooten, Stylen &amp; Co.<\/p>\n<p>Schon letztes Mal hab ich euch von den drei Mohnsorten erz\u00e4hlt.<\/p>\n<p>Je nach Farbe des Samens, teilt man Mohn folgenderma\u00dfen ein: Blaumohn, der ein sehr herbes und intensives Aroma hat, und sich gut in herzhaften Speisen macht. Dann gibt es noch den etwas weniger bekannten Wei\u00dfmohn, der mit seinem nussigen Geschmack ideal f\u00fcr S\u00fc\u00dfspeisen ist. Und last but not least, die bekannteste Sorte, den Graumohn. Er ist im Geschmack sehr zart und eignet sich gut f\u00fcr alle Arten von s\u00fc\u00dfen Mehlspeisen.<\/p>\n<p>F\u00fcr dieses Rezept muss der Mohn fein gemahlen werden. Am besten man kauft ihn ganz, und mahlt ihn erst kurz vor Gebrauch. Sobald gemahlener Mohn in Kontakt mit Luft kommt, oxidiert das Fett rasch und er wird schnell ranzig. Offenen, gemahlenen Mohn bewahrt man am besten luftdicht verschlossen im K\u00fchlschrank auf.<\/p>\n<p>Und hier das Rezept und meine Mohn-Apfelkuchen-Fotos...<\/p>\n<p><a href=\"https:\/\/78.46.122.165\/content\/uploads\/2014\/10\/Mohnkuchen9_Eva-Fischer.jpg\"><img loading=\"lazy\" decoding=\"async\" class=\"alignnone size-w1000 wp-image-3593\" src=\"https:\/\/78.46.122.165\/content\/uploads\/2014\/10\/Mohnkuchen9_Eva-Fischer-1000x746.jpg\" alt=\"Mohnkuchen9_Eva Fischer\" width=\"1000\" height=\"746\" srcset=\"https:\/\/www.foodtastic.at\/content\/uploads\/2014\/10\/Mohnkuchen9_Eva-Fischer-1000x746.jpg 1000w, https:\/\/www.foodtastic.at\/content\/uploads\/2014\/10\/Mohnkuchen9_Eva-Fischer-300x224.jpg 300w, https:\/\/www.foodtastic.at\/content\/uploads\/2014\/10\/Mohnkuchen9_Eva-Fischer-768x573.jpg 768w, https:\/\/www.foodtastic.at\/content\/uploads\/2014\/10\/Mohnkuchen9_Eva-Fischer-1024x763.jpg 1024w, https:\/\/www.foodtastic.at\/content\/uploads\/2014\/10\/Mohnkuchen9_Eva-Fischer-500x373.jpg 500w, https:\/\/www.foodtastic.at\/content\/uploads\/2014\/10\/Mohnkuchen9_Eva-Fischer.jpg 1419w\" sizes=\"(max-width: 1000px) 100vw, 1000px\" \/><\/a><\/p>\n<p><a href=\"https:\/\/78.46.122.165\/content\/uploads\/2014\/10\/Mohnkuchen2_Eva-Fischer.jpg\"><img loading=\"lazy\" decoding=\"async\" class=\"alignnone size-w1000 wp-image-3587\" src=\"https:\/\/78.46.122.165\/content\/uploads\/2014\/10\/Mohnkuchen2_Eva-Fischer-1000x1500.jpg\" alt=\"Mohnkuchen2_Eva Fischer\" width=\"1000\" height=\"1500\" srcset=\"https:\/\/www.foodtastic.at\/content\/uploads\/2014\/10\/Mohnkuchen2_Eva-Fischer-1000x1500.jpg 1000w, https:\/\/www.foodtastic.at\/content\/uploads\/2014\/10\/Mohnkuchen2_Eva-Fischer-768x1152.jpg 768w, https:\/\/www.foodtastic.at\/content\/uploads\/2014\/10\/Mohnkuchen2_Eva-Fischer-683x1024.jpg 683w, https:\/\/www.foodtastic.at\/content\/uploads\/2014\/10\/Mohnkuchen2_Eva-Fischer-2000x3000.jpg 2000w, https:\/\/www.foodtastic.at\/content\/uploads\/2014\/10\/Mohnkuchen2_Eva-Fischer-1500x2250.jpg 1500w, https:\/\/www.foodtastic.at\/content\/uploads\/2014\/10\/Mohnkuchen2_Eva-Fischer-500x750.jpg 500w\" sizes=\"(max-width: 1000px) 100vw, 1000px\" \/><\/a><\/p>\n<p><a href=\"https:\/\/78.46.122.165\/content\/uploads\/2014\/10\/Mohnkuchen1_Eva-Fischer.jpg\"><img loading=\"lazy\" decoding=\"async\" class=\"alignnone size-w1000 wp-image-3586\" src=\"https:\/\/78.46.122.165\/content\/uploads\/2014\/10\/Mohnkuchen1_Eva-Fischer-1000x1500.jpg\" alt=\"Mohnkuchen1_Eva Fischer\" width=\"1000\" height=\"1500\" srcset=\"https:\/\/www.foodtastic.at\/content\/uploads\/2014\/10\/Mohnkuchen1_Eva-Fischer-1000x1500.jpg 1000w, https:\/\/www.foodtastic.at\/content\/uploads\/2014\/10\/Mohnkuchen1_Eva-Fischer-768x1152.jpg 768w, https:\/\/www.foodtastic.at\/content\/uploads\/2014\/10\/Mohnkuchen1_Eva-Fischer-683x1024.jpg 683w, https:\/\/www.foodtastic.at\/content\/uploads\/2014\/10\/Mohnkuchen1_Eva-Fischer-2000x3000.jpg 2000w, https:\/\/www.foodtastic.at\/content\/uploads\/2014\/10\/Mohnkuchen1_Eva-Fischer-1500x2250.jpg 1500w, https:\/\/www.foodtastic.at\/content\/uploads\/2014\/10\/Mohnkuchen1_Eva-Fischer-500x750.jpg 500w\" sizes=\"(max-width: 1000px) 100vw, 1000px\" \/><\/a><\/p>\n<p>&nbsp;<\/p>\n<p><a href=\"https:\/\/78.46.122.165\/content\/uploads\/2014\/10\/Mohnkuchen8_Eva-Fischer.jpg\"><img loading=\"lazy\" decoding=\"async\" class=\"alignnone size-w1000 wp-image-3592\" src=\"https:\/\/78.46.122.165\/content\/uploads\/2014\/10\/Mohnkuchen8_Eva-Fischer-1000x722.jpg\" alt=\"Mohnkuchen8_Eva Fischer\" width=\"1000\" height=\"722\" srcset=\"https:\/\/www.foodtastic.at\/content\/uploads\/2014\/10\/Mohnkuchen8_Eva-Fischer-1000x722.jpg 1000w, https:\/\/www.foodtastic.at\/content\/uploads\/2014\/10\/Mohnkuchen8_Eva-Fischer-300x217.jpg 300w, https:\/\/www.foodtastic.at\/content\/uploads\/2014\/10\/Mohnkuchen8_Eva-Fischer-768x554.jpg 768w, https:\/\/www.foodtastic.at\/content\/uploads\/2014\/10\/Mohnkuchen8_Eva-Fischer-1024x739.jpg 1024w, https:\/\/www.foodtastic.at\/content\/uploads\/2014\/10\/Mohnkuchen8_Eva-Fischer-2000x1444.jpg 2000w, https:\/\/www.foodtastic.at\/content\/uploads\/2014\/10\/Mohnkuchen8_Eva-Fischer-1500x1083.jpg 1500w, https:\/\/www.foodtastic.at\/content\/uploads\/2014\/10\/Mohnkuchen8_Eva-Fischer-500x361.jpg 500w\" sizes=\"(max-width: 1000px) 100vw, 1000px\" \/><\/a><\/p>\n<p><a href=\"https:\/\/78.46.122.165\/content\/uploads\/2014\/10\/Mohnkuchen6_Eva-Fischer.jpg\"><img loading=\"lazy\" decoding=\"async\" class=\"alignnone size-w1000 wp-image-3590\" src=\"https:\/\/78.46.122.165\/content\/uploads\/2014\/10\/Mohnkuchen6_Eva-Fischer-1000x1282.jpg\" alt=\"Mohnkuchen6_Eva Fischer\" width=\"1000\" height=\"1282\" srcset=\"https:\/\/www.foodtastic.at\/content\/uploads\/2014\/10\/Mohnkuchen6_Eva-Fischer-1000x1282.jpg 1000w, https:\/\/www.foodtastic.at\/content\/uploads\/2014\/10\/Mohnkuchen6_Eva-Fischer-234x300.jpg 234w, https:\/\/www.foodtastic.at\/content\/uploads\/2014\/10\/Mohnkuchen6_Eva-Fischer-768x985.jpg 768w, https:\/\/www.foodtastic.at\/content\/uploads\/2014\/10\/Mohnkuchen6_Eva-Fischer-799x1024.jpg 799w, https:\/\/www.foodtastic.at\/content\/uploads\/2014\/10\/Mohnkuchen6_Eva-Fischer-2000x2564.jpg 2000w, https:\/\/www.foodtastic.at\/content\/uploads\/2014\/10\/Mohnkuchen6_Eva-Fischer-1500x1923.jpg 1500w, https:\/\/www.foodtastic.at\/content\/uploads\/2014\/10\/Mohnkuchen6_Eva-Fischer-500x641.jpg 500w\" sizes=\"(max-width: 1000px) 100vw, 1000px\" \/><\/a><\/p>\n","protected":false},"excerpt":{"rendered":"<p>Poppy, poppy, oh how I love thee! Autumn and wintertime is\u00a0poppyseed dessert time.\u00a0Popular not just in my house, Austrian Germkn\u00f6del (a type of yeast dumpling filled with poppyseed cream), poppyseed pastries, cakes, strudels, even ice cream, are everywhere. One of my latest discoveries: poppyseed yoghurt by Ja!Nat\u00fcrlich. I can&#8217;t believe it and have to have it! I like to indulge in\u00a0my baking obsession on weekends, so I didn&#8217;t have to think long about what my recipe pick for\u00a0Freizeit-Kurier\u00a0was going to be: poppyseed and apple cake\u00a0\u2013 perfect for a cozy Sunday afternoon! This cake also turned out to be the ideal &#8220;model&#8221; for\u00a0my recent food photography session and was eaten whole immediately after having its picture taken, beautifully arranged and decorated.<\/p>\n","protected":false},"author":2,"featured_media":11520,"comment_status":"open","ping_status":"open","sticky":false,"template":"","format":"standard","meta":{"footnotes":""},"categories":[798,754,755],"tags":[823,1120,279,765,1122,1123],"ingredient":[],"class_list":["post-10189","post","type-post","status-publish","format-standard","has-post-thumbnail","hentry","category-glutenfreiheit-en","category-recipes","category-sweets","tag-apfel-en","tag-food-photography-en","tag-food-photography-styling-workshop","tag-glutenfrei-en","tag-mohn-en","tag-mohnkuchen-en"],"yoast_head":"<!-- This site is optimized with the Yoast SEO plugin v25.3.1 - https:\/\/yoast.com\/wordpress\/plugins\/seo\/ -->\n<title>Poppyseed and Apple Cake - Foodtastic<\/title>\n<meta name=\"description\" content=\"Meine Lieblingszutat beim Backen ist definitiv der Mohn. Vor allem in Kombination mit Apfel ist Mohn ein Traum!\" \/>\n<meta name=\"robots\" content=\"index, follow, max-snippet:-1, max-image-preview:large, max-video-preview:-1\" \/>\n<link rel=\"canonical\" href=\"https:\/\/www.foodtastic.at\/en\/2014\/10\/25\/mohnkuchen-mit-apfeln\/\" \/>\n<meta property=\"og:locale\" content=\"en_US\" \/>\n<meta property=\"og:type\" content=\"article\" \/>\n<meta property=\"og:title\" content=\"Poppyseed and Apple Cake - Foodtastic\" \/>\n<meta property=\"og:description\" content=\"Meine Lieblingszutat beim Backen ist definitiv der Mohn. Vor allem in Kombination mit Apfel ist Mohn ein Traum!\" \/>\n<meta property=\"og:url\" content=\"https:\/\/www.foodtastic.at\/en\/2014\/10\/25\/mohnkuchen-mit-apfeln\/\" \/>\n<meta property=\"og:site_name\" content=\"Foodtastic\" \/>\n<meta property=\"article:published_time\" content=\"2014-10-25T06:00:02+00:00\" \/>\n<meta property=\"article:modified_time\" content=\"2016-02-10T20:17:13+00:00\" \/>\n<meta property=\"og:image\" content=\"https:\/\/78.46.122.165\/content\/uploads\/2014\/10\/Mohnkuchen8_Eva-Fischer.jpg\" \/>\n<meta name=\"author\" content=\"Eva Fischer\" \/>\n<meta name=\"twitter:label1\" content=\"Written by\" \/>\n\t<meta name=\"twitter:data1\" content=\"Eva Fischer\" \/>\n\t<meta name=\"twitter:label2\" content=\"Est. reading time\" \/>\n\t<meta name=\"twitter:data2\" content=\"3 minutes\" \/>\n<script type=\"application\/ld+json\" class=\"yoast-schema-graph\">{\"@context\":\"https:\/\/schema.org\",\"@graph\":[{\"@type\":\"WebPage\",\"@id\":\"https:\/\/www.foodtastic.at\/en\/2014\/10\/25\/mohnkuchen-mit-apfeln\/\",\"url\":\"https:\/\/www.foodtastic.at\/en\/2014\/10\/25\/mohnkuchen-mit-apfeln\/\",\"name\":\"Poppyseed and Apple Cake - Foodtastic\",\"isPartOf\":{\"@id\":\"https:\/\/foodtastic.at\/#website\"},\"primaryImageOfPage\":{\"@id\":\"https:\/\/www.foodtastic.at\/en\/2014\/10\/25\/mohnkuchen-mit-apfeln\/#primaryimage\"},\"image\":{\"@id\":\"https:\/\/www.foodtastic.at\/en\/2014\/10\/25\/mohnkuchen-mit-apfeln\/#primaryimage\"},\"thumbnailUrl\":\"https:\/\/www.foodtastic.at\/content\/uploads\/2014\/10\/Mohnkuchen7_Eva-Fischer-662x9478.jpg\",\"datePublished\":\"2014-10-25T06:00:02+00:00\",\"dateModified\":\"2016-02-10T20:17:13+00:00\",\"author\":{\"@id\":\"https:\/\/foodtastic.at\/#\/schema\/person\/236cc6fc2715dd91e8a168f03acd8f2e\"},\"description\":\"Meine Lieblingszutat beim Backen ist definitiv der Mohn. Vor allem in Kombination mit Apfel ist Mohn ein Traum!\",\"breadcrumb\":{\"@id\":\"https:\/\/www.foodtastic.at\/en\/2014\/10\/25\/mohnkuchen-mit-apfeln\/#breadcrumb\"},\"inLanguage\":\"en-US\",\"potentialAction\":[{\"@type\":\"ReadAction\",\"target\":[\"https:\/\/www.foodtastic.at\/en\/2014\/10\/25\/mohnkuchen-mit-apfeln\/\"]}]},{\"@type\":\"ImageObject\",\"inLanguage\":\"en-US\",\"@id\":\"https:\/\/www.foodtastic.at\/en\/2014\/10\/25\/mohnkuchen-mit-apfeln\/#primaryimage\",\"url\":\"https:\/\/www.foodtastic.at\/content\/uploads\/2014\/10\/Mohnkuchen7_Eva-Fischer-662x9478.jpg\",\"contentUrl\":\"https:\/\/www.foodtastic.at\/content\/uploads\/2014\/10\/Mohnkuchen7_Eva-Fischer-662x9478.jpg\",\"width\":662,\"height\":947},{\"@type\":\"BreadcrumbList\",\"@id\":\"https:\/\/www.foodtastic.at\/en\/2014\/10\/25\/mohnkuchen-mit-apfeln\/#breadcrumb\",\"itemListElement\":[{\"@type\":\"ListItem\",\"position\":1,\"name\":\"Home\",\"item\":\"https:\/\/www.foodtastic.at\/en\/\"},{\"@type\":\"ListItem\",\"position\":2,\"name\":\"Poppyseed and Apple Cake\"}]},{\"@type\":\"WebSite\",\"@id\":\"https:\/\/foodtastic.at\/#website\",\"url\":\"https:\/\/foodtastic.at\/\",\"name\":\"Foodtastic\",\"description\":\"Foodtastic\",\"potentialAction\":[{\"@type\":\"SearchAction\",\"target\":{\"@type\":\"EntryPoint\",\"urlTemplate\":\"https:\/\/foodtastic.at\/?s={search_term_string}\"},\"query-input\":{\"@type\":\"PropertyValueSpecification\",\"valueRequired\":true,\"valueName\":\"search_term_string\"}}],\"inLanguage\":\"en-US\"},{\"@type\":\"Person\",\"@id\":\"https:\/\/foodtastic.at\/#\/schema\/person\/236cc6fc2715dd91e8a168f03acd8f2e\",\"name\":\"Eva Fischer\",\"image\":{\"@type\":\"ImageObject\",\"inLanguage\":\"en-US\",\"@id\":\"https:\/\/foodtastic.at\/#\/schema\/person\/image\/\",\"url\":\"https:\/\/secure.gravatar.com\/avatar\/4ca2586764ed355e8db767a3d352a088?s=96&d=mm&r=g\",\"contentUrl\":\"https:\/\/secure.gravatar.com\/avatar\/4ca2586764ed355e8db767a3d352a088?s=96&d=mm&r=g\",\"caption\":\"Eva Fischer\"},\"sameAs\":[\"https:\/\/78.46.122.165\"],\"url\":\"https:\/\/www.foodtastic.at\/en\/author\/eva\/\"}]}<\/script>\n<!-- \/ Yoast SEO plugin. -->","yoast_head_json":{"title":"Poppyseed and Apple Cake - Foodtastic","description":"Meine Lieblingszutat beim Backen ist definitiv der Mohn. Vor allem in Kombination mit Apfel ist Mohn ein Traum!","robots":{"index":"index","follow":"follow","max-snippet":"max-snippet:-1","max-image-preview":"max-image-preview:large","max-video-preview":"max-video-preview:-1"},"canonical":"https:\/\/www.foodtastic.at\/en\/2014\/10\/25\/mohnkuchen-mit-apfeln\/","og_locale":"en_US","og_type":"article","og_title":"Poppyseed and Apple Cake - Foodtastic","og_description":"Meine Lieblingszutat beim Backen ist definitiv der Mohn. Vor allem in Kombination mit Apfel ist Mohn ein Traum!","og_url":"https:\/\/www.foodtastic.at\/en\/2014\/10\/25\/mohnkuchen-mit-apfeln\/","og_site_name":"Foodtastic","article_published_time":"2014-10-25T06:00:02+00:00","article_modified_time":"2016-02-10T20:17:13+00:00","og_image":[{"url":"https:\/\/78.46.122.165\/content\/uploads\/2014\/10\/Mohnkuchen8_Eva-Fischer.jpg","type":"","width":"","height":""}],"author":"Eva Fischer","twitter_misc":{"Written by":"Eva Fischer","Est. reading time":"3 minutes"},"schema":{"@context":"https:\/\/schema.org","@graph":[{"@type":"WebPage","@id":"https:\/\/www.foodtastic.at\/en\/2014\/10\/25\/mohnkuchen-mit-apfeln\/","url":"https:\/\/www.foodtastic.at\/en\/2014\/10\/25\/mohnkuchen-mit-apfeln\/","name":"Poppyseed and Apple Cake - Foodtastic","isPartOf":{"@id":"https:\/\/foodtastic.at\/#website"},"primaryImageOfPage":{"@id":"https:\/\/www.foodtastic.at\/en\/2014\/10\/25\/mohnkuchen-mit-apfeln\/#primaryimage"},"image":{"@id":"https:\/\/www.foodtastic.at\/en\/2014\/10\/25\/mohnkuchen-mit-apfeln\/#primaryimage"},"thumbnailUrl":"https:\/\/www.foodtastic.at\/content\/uploads\/2014\/10\/Mohnkuchen7_Eva-Fischer-662x9478.jpg","datePublished":"2014-10-25T06:00:02+00:00","dateModified":"2016-02-10T20:17:13+00:00","author":{"@id":"https:\/\/foodtastic.at\/#\/schema\/person\/236cc6fc2715dd91e8a168f03acd8f2e"},"description":"Meine Lieblingszutat beim Backen ist definitiv der Mohn. Vor allem in Kombination mit Apfel ist Mohn ein Traum!","breadcrumb":{"@id":"https:\/\/www.foodtastic.at\/en\/2014\/10\/25\/mohnkuchen-mit-apfeln\/#breadcrumb"},"inLanguage":"en-US","potentialAction":[{"@type":"ReadAction","target":["https:\/\/www.foodtastic.at\/en\/2014\/10\/25\/mohnkuchen-mit-apfeln\/"]}]},{"@type":"ImageObject","inLanguage":"en-US","@id":"https:\/\/www.foodtastic.at\/en\/2014\/10\/25\/mohnkuchen-mit-apfeln\/#primaryimage","url":"https:\/\/www.foodtastic.at\/content\/uploads\/2014\/10\/Mohnkuchen7_Eva-Fischer-662x9478.jpg","contentUrl":"https:\/\/www.foodtastic.at\/content\/uploads\/2014\/10\/Mohnkuchen7_Eva-Fischer-662x9478.jpg","width":662,"height":947},{"@type":"BreadcrumbList","@id":"https:\/\/www.foodtastic.at\/en\/2014\/10\/25\/mohnkuchen-mit-apfeln\/#breadcrumb","itemListElement":[{"@type":"ListItem","position":1,"name":"Home","item":"https:\/\/www.foodtastic.at\/en\/"},{"@type":"ListItem","position":2,"name":"Poppyseed and Apple Cake"}]},{"@type":"WebSite","@id":"https:\/\/foodtastic.at\/#website","url":"https:\/\/foodtastic.at\/","name":"Foodtastic","description":"Foodtastic","potentialAction":[{"@type":"SearchAction","target":{"@type":"EntryPoint","urlTemplate":"https:\/\/foodtastic.at\/?s={search_term_string}"},"query-input":{"@type":"PropertyValueSpecification","valueRequired":true,"valueName":"search_term_string"}}],"inLanguage":"en-US"},{"@type":"Person","@id":"https:\/\/foodtastic.at\/#\/schema\/person\/236cc6fc2715dd91e8a168f03acd8f2e","name":"Eva Fischer","image":{"@type":"ImageObject","inLanguage":"en-US","@id":"https:\/\/foodtastic.at\/#\/schema\/person\/image\/","url":"https:\/\/secure.gravatar.com\/avatar\/4ca2586764ed355e8db767a3d352a088?s=96&d=mm&r=g","contentUrl":"https:\/\/secure.gravatar.com\/avatar\/4ca2586764ed355e8db767a3d352a088?s=96&d=mm&r=g","caption":"Eva Fischer"},"sameAs":["https:\/\/78.46.122.165"],"url":"https:\/\/www.foodtastic.at\/en\/author\/eva\/"}]}},"_links":{"self":[{"href":"https:\/\/www.foodtastic.at\/en\/wp-json\/wp\/v2\/posts\/10189"}],"collection":[{"href":"https:\/\/www.foodtastic.at\/en\/wp-json\/wp\/v2\/posts"}],"about":[{"href":"https:\/\/www.foodtastic.at\/en\/wp-json\/wp\/v2\/types\/post"}],"author":[{"embeddable":true,"href":"https:\/\/www.foodtastic.at\/en\/wp-json\/wp\/v2\/users\/2"}],"replies":[{"embeddable":true,"href":"https:\/\/www.foodtastic.at\/en\/wp-json\/wp\/v2\/comments?post=10189"}],"version-history":[{"count":0,"href":"https:\/\/www.foodtastic.at\/en\/wp-json\/wp\/v2\/posts\/10189\/revisions"}],"wp:featuredmedia":[{"embeddable":true,"href":"https:\/\/www.foodtastic.at\/en\/wp-json\/wp\/v2\/media\/11520"}],"wp:attachment":[{"href":"https:\/\/www.foodtastic.at\/en\/wp-json\/wp\/v2\/media?parent=10189"}],"wp:term":[{"taxonomy":"category","embeddable":true,"href":"https:\/\/www.foodtastic.at\/en\/wp-json\/wp\/v2\/categories?post=10189"},{"taxonomy":"post_tag","embeddable":true,"href":"https:\/\/www.foodtastic.at\/en\/wp-json\/wp\/v2\/tags?post=10189"},{"taxonomy":"ingredient","embeddable":true,"href":"https:\/\/www.foodtastic.at\/en\/wp-json\/wp\/v2\/ingredient?post=10189"}],"curies":[{"name":"wp","href":"https:\/\/api.w.org\/{rel}","templated":true}]}}